{"id":3521,"date":"2025-08-26T14:27:33","date_gmt":"2025-08-26T14:27:33","guid":{"rendered":"https:\/\/mdk.gorlice.net.pl\/?p=3521"},"modified":"2025-08-26T14:30:17","modified_gmt":"2025-08-26T14:30:17","slug":"zapraszamy-na-zajecia-2","status":"publish","type":"post","link":"https:\/\/mdk.gorlice.net.pl\/?p=3521","title":{"rendered":"Zapraszamy na zaj\u0119cia !"},"content":{"rendered":"<p><a href=\"https:\/\/mdk.gorlice.net.pl\/wp-content\/uploads\/2021\/08\/MDK_plakat_promo_072021_v_03.jpg\" rel=\"lightbox[3521]\"><img loading=\"lazy\" src=\"https:\/\/mdk.gorlice.net.pl\/wp-content\/uploads\/2021\/08\/MDK_plakat_promo_072021_v_03-262x300.jpg\" alt=\"\" width=\"262\" height=\"300\" class=\"alignnone size-medium wp-image-2975\" srcset=\"https:\/\/mdk.gorlice.net.pl\/wp-content\/uploads\/2021\/08\/MDK_plakat_promo_072021_v_03-262x300.jpg 262w, https:\/\/mdk.gorlice.net.pl\/wp-content\/uploads\/2021\/08\/MDK_plakat_promo_072021_v_03.jpg 524w\" sizes=\"(max-width: 262px) 100vw, 262px\" \/><\/a>Serdecznie zapraszamy wszystkich ch\u0119tnych na zaj\u0119cia organizowane w M\u0142odzie\u017cowym Domu Kultury w Gorlicach. Osoby, kt\u00f3re deklarowa\u0142y ch\u0119\u0107 kontynuacji uczestnictwa na zaj\u0119ciach oraz nowych uczestnik\u00f3w zaj\u0119\u0107. S\u0105 jeszcze wolne miejsca na niekt\u00f3re zaj\u0119cia. Poni\u017cej przedstawiamy rozk\u0142ad dy\u017cur\u00f3w\/zaj\u0119\u0107 w pierwszym tygodniu wrze\u015bnia.<\/p>\n<p>PLAN ZAJ\u0118\u0106 NA PIERWSZY TYGODZIE\u0143 WRZE\u015aNIA W M\u0141ODZIE\u017bOWYM DOMU KULTURY W GORLICACH<br \/>\nW ROKU SZKOLNYM  2025\/2026<\/p>\n<p>MUZYKA<\/p>\n<p>TOMASZ KUBALA \u2013 ZAJ\u0118CIA GITAROWE i STUDIO WOKALNE                          <\/p>\n<p>  WTOREK     16.15 \u2013 17.00 gr. gitarowa zaj\u0119cia organizacyjne<br \/>\n                       17.00 \u2013 18.30 Studio wokalne<\/p>\n<p>  CZWARTEK  16.15 \u2013 17.00 gr. gitarowa zaj\u0119cia organizacyjne<br \/>\n                          17.00 \u2013 18.30 Studio wokalne<\/p>\n<p>                                  MIROS\u0141AW BOGO\u0143 \u2013 MUZYKA<\/p>\n<p>WTOREK       17.00 \u2013 18.30 Studio wokalne<br \/>\nCZWARTEK   17.00 \u2013 18.30 Studio wokalne<br \/>\nPI\u0104TEK          14.00 \u2013 16.00 RUCZAJ<\/p>\n<p>          AGATA MASZTAFIAK \u2013 NAUKA GRY NA KEYBOARDZIE, WOKAL<\/p>\n<p>PONIEDZIA\u0141EK     10.30 \u2013 15.00   Keyboard zaj\u0119cia organizacyjne<\/p>\n<p>WTOREK                13.00 \u2013 16.00    Keyboard zaj\u0119cia organizacyjne<\/p>\n<p>\u015aRODA                   12.15 \u2013 15.15    Keyboard zaj\u0119cia organizacyjne<\/p>\n<p> CZWARTEK          13.00 \u2013 16.00      Keyboard zaj\u0119cia organizacyjne<\/p>\n<p>                                                       TANIEC<\/p>\n<p>                                       RENATA GAWLAK \u2013 SPYRA<\/p>\n<p> PONIEDZIA\u0141EK     09.00 \u2013 13.00     zaj\u0119cia organizacyjne MDK<\/p>\n<p> WTOREK                08.00 \u2013 12.00  SP nr 1 zaj\u0119cia organizacyjne<\/p>\n<p>\u015aRODA                   08.00 \u2013 10.15  SP nr 4 zaj\u0119cia organizacyjne<br \/>\nCZWARTEK            12.00 \u2013 14.15  zaj\u0119cia organizacyjne MDK<\/p>\n<p>                                                     TANIEC<\/p>\n<p>                                                   MONIKA WACEK<\/p>\n<p> PONIEDZIA\u0141EK        10.00 \u2013 15.15  zaj\u0119cia organizacyjne<br \/>\n  WTOREK                 14.00 \u2013 16.00 zaj\u0119cia organizacyjne                 <\/p>\n<p>  \u015aRODA                    14.00 \u2013 16.00 zaj\u0119cia organizacyjne                          <\/p>\n<p> CZWARTEK             14.00 \u2013 15.30 zaj\u0119cia organizacyjne<br \/>\n                                   15.30 \u2013 16.15 zebranie organizacyjne dla poczatkuj\u0105cych                         <\/p>\n<p>                     PLASTYKA, CERAMIKA, GRAFIKA KOMPUTEROWA<\/p>\n<p>                                                BART\u0141OMIEJ BELNIAK<\/p>\n<p>  PONIEDZIA\u0141EK    10.00 \u2013 14.30   Plastyka  zaj\u0119cia organizacyjne<\/p>\n<p>  WTOREK              13.00 \u2013 15.15    Ceramika  zaj\u0119cia organizacyjne<\/p>\n<p> \u015aRODA                 13.00 \u2013 15.15    Plastyka   zaj\u0119cia organizacyjne   SP Nr 6<br \/>\n                               16.00 \u2013 17.30    Grafika komputerowa zaj\u0119cia organizacyjne <\/p>\n<p> CZWARTEK           14.00 \u2013 17.00  Ceramika  zaj\u0119cia organizacyjne<\/p>\n<p>                                               PLASTYKA<\/p>\n<p>                                      AGATA MUSIA\u0141- JANIK<\/p>\n<p> PONIEDZIA\u0141EK , WTOREK      zaj\u0119cia organizacyjne   BOBOWA, BIECZ<\/p>\n<p>CZWARTEK          13.30 &#8211; 16.30  zaj\u0119cia organizacyjne MDK<\/p>\n<p>  PI\u0104TEK               15.00 &#8211; 18.00   zaj\u0119cia organizacyjne MDK<\/p>\n<p>                                       PLASTYKA I FOTOGRAFIA<\/p>\n<p>                                         WOJCIECH HABEREK<\/p>\n<p>       PONIEDZIA\u0141EK          10.00-14.00     zaj\u0119cia organizacyjne<\/p>\n<p>      WTOREK                     13.00 \u2013 15.15    zaj\u0119cia organizacyjne<br \/>\n                                           15.15 \u2013 17.30    zaj\u0119cia organizacyjne<\/p>\n<p>      \u015aRODA                        13.30 \u2013 15.00     zaj\u0119cia organizacyjne<br \/>\n                                           15.00 \u2013 17.15     zaj\u0119cia organizacyjne<\/p>\n<p>      CZWARTEK                 13.00- 16.00      zaj\u0119cia organizacyjne<\/p>\n<p>                        KO\u0141O TEATRALNE I RECYTATORSKIE<\/p>\n<p>                               DOMINIKA JOD\u0141OWSKA \u2013 KUBALA<\/p>\n<p> PONIEDZIA\u0141EK          16.30 \u2013 18.45  grupa teatralna  Mi\u0119dzy S\u0142owami<br \/>\n                                                              zaj\u0119cia organizacyjne<\/p>\n<p>  WTOREK                      16.30 \u2013 18.15  gr. teatralna PAUZA<br \/>\n                                                               zaj\u0119cia organizacyjne<br \/>\n \u015aRODA                         16.30 \u2013 18.00   zaj\u0119cia recytatorskie grup<br \/>\n                                                              MIEDZY S\u0141OWAMI i PAUZA<br \/>\n                                                              zaj\u0119cia organizacyjne<\/p>\n","protected":false},"excerpt":{"rendered":"<p>Serdecznie zapraszamy wszystkich ch\u0119tnych na zaj\u0119cia organizowane w M\u0142odzie\u017cowym Domu Kultury w Gorlicach. Osoby, kt\u00f3re deklarowa\u0142y ch\u0119\u0107 kontynuacji uczestnictwa na zaj\u0119ciach oraz nowych uczestnik\u00f3w zaj\u0119\u0107. S\u0105 jeszcze wolne miejsca na niekt\u00f3re zaj\u0119cia. Poni\u017cej przedstawiamy rozk\u0142ad dy\u017cur\u00f3w\/zaj\u0119\u0107 w pierwszym tygodniu wrze\u015bnia. PLAN ZAJ\u0118\u0106 NA PIERWSZY TYGODZIE\u0143 WRZE\u015aNIA W M\u0141ODZIE\u017bOWYM DOMU KULTURY W GORLICACH W ROKU SZKOLNYM [&hellip;]<\/p>\n","protected":false},"author":2,"featured_media":0,"comment_status":"closed","ping_status":"open","sticky":false,"template":"","format":"standard","meta":{"ngg_post_thumbnail":0},"categories":[1],"tags":[],"_links":{"self":[{"href":"https:\/\/mdk.gorlice.net.pl\/index.php?rest_route=\/wp\/v2\/posts\/3521"}],"collection":[{"href":"https:\/\/mdk.gorlice.net.pl\/index.php?rest_route=\/wp\/v2\/posts"}],"about":[{"href":"https:\/\/mdk.gorlice.net.pl\/index.php?rest_route=\/wp\/v2\/types\/post"}],"author":[{"embeddable":true,"href":"https:\/\/mdk.gorlice.net.pl\/index.php?rest_route=\/wp\/v2\/users\/2"}],"replies":[{"embeddable":true,"href":"https:\/\/mdk.gorlice.net.pl\/index.php?rest_route=%2Fwp%2Fv2%2Fcomments&post=3521"}],"version-history":[{"count":3,"href":"https:\/\/mdk.gorlice.net.pl\/index.php?rest_route=\/wp\/v2\/posts\/3521\/revisions"}],"predecessor-version":[{"id":3524,"href":"https:\/\/mdk.gorlice.net.pl\/index.php?rest_route=\/wp\/v2\/posts\/3521\/revisions\/3524"}],"wp:attachment":[{"href":"https:\/\/mdk.gorlice.net.pl\/index.php?rest_route=%2Fwp%2Fv2%2Fmedia&parent=3521"}],"wp:term":[{"taxonomy":"category","embeddable":true,"href":"https:\/\/mdk.gorlice.net.pl\/index.php?rest_route=%2Fwp%2Fv2%2Fcategories&post=3521"},{"taxonomy":"post_tag","embeddable":true,"href":"https:\/\/mdk.gorlice.net.pl\/index.php?rest_route=%2Fwp%2Fv2%2Ftags&post=3521"}],"curies":[{"name":"wp","href":"https:\/\/api.w.org\/{rel}","templated":true}]}}