{"id":3526,"date":"2025-09-05T15:40:32","date_gmt":"2025-09-05T15:40:32","guid":{"rendered":"https:\/\/mdk.gorlice.net.pl\/?p=3526"},"modified":"2025-09-05T15:40:32","modified_gmt":"2025-09-05T15:40:32","slug":"plan-zajec-w-mdk-w-gorlicach-2","status":"publish","type":"post","link":"https:\/\/mdk.gorlice.net.pl\/?p=3526","title":{"rendered":"Plan zaj\u0119\u0107 w MDK w Gorlicach."},"content":{"rendered":"<p><a href=\"https:\/\/mdk.gorlice.net.pl\/wp-content\/uploads\/2021\/08\/MDK_plakat_promo_072021_v_03.jpg\" rel=\"lightbox[3526]\"><img loading=\"lazy\" src=\"https:\/\/mdk.gorlice.net.pl\/wp-content\/uploads\/2021\/08\/MDK_plakat_promo_072021_v_03-262x300.jpg\" alt=\"\" width=\"262\" height=\"300\" class=\"alignnone size-medium wp-image-2975\" srcset=\"https:\/\/mdk.gorlice.net.pl\/wp-content\/uploads\/2021\/08\/MDK_plakat_promo_072021_v_03-262x300.jpg 262w, https:\/\/mdk.gorlice.net.pl\/wp-content\/uploads\/2021\/08\/MDK_plakat_promo_072021_v_03.jpg 524w\" sizes=\"(max-width: 262px) 100vw, 262px\" \/><\/a>Zapraszamy na zaj\u0119cia do MDK.<br \/>\nPoni\u017cej zamieszczamy plan zaj\u0119\u0107 obowi\u0105zuj\u0105cy od 8 wrze\u015bnia.<br \/>\nMo\u017cna si\u0119 jeszcze zapisa\u0107 do niekt\u00f3rych grup. Zapraszamy wszystkich ch\u0119tnych!<\/p>\n<p>PLAN ZAJ\u0118\u0106 W M\u0141ODZIE\u017bOWYM DOMU KULTURY W GORLICACH<br \/>\nW ROKU SZKOLNYM  2025\/2026<\/p>\n<p>MUZYKA<\/p>\n<p>TOMASZ KUBALA \u2013 ZAJ\u0118CIA GITAROWE i STUDIO WOKALNE                          <\/p>\n<p>     WTOREK     16.15 \u2013 17.00     gr. gitarowa (kontynuacja)                                      <\/p>\n<p>           17.00 \u2013 18.30      Studio wokalne<\/p>\n<p>                         CZWARTEK       16.15 \u2013 17.00    gr. gitarowa (pocz\u0105tkowa)                                      <\/p>\n<p>        17.00 \u2013 18.30     Studio wokalne<\/p>\n<p>                                   MIROS\u0141AW BOGO\u0143<\/p>\n<p>                       WTOREK          17.00 \u2013 18.30   Studio wokalne<\/p>\n<p>                           CZWARTEK    17.00 \u2013 18.30    Studio wokalne<\/p>\n<p>                           PI\u0104TEK            16.00 \u2013 17.30    zesp\u00f3\u0142 RUCZAJ<\/p>\n<p>          AGATA MASZTAFIAK \u2013 NAUKA GRY NA KEYBOARDZIE, WOKAL<\/p>\n<p>                           PONIEDZIA\u0141EK     12.30 \u2013 16.30   Keyboard<\/p>\n<p>                           WTOREK                 14.30 \u2013 17.00    Keyboard<\/p>\n<p>                           \u015aRODA                   12.30 \u2013 15.30      Keyboard<\/p>\n<p>                          CZWARTEK           14.00 \u2013 16.00      Keyboard<\/p>\n<p>                                                            16.00 \u2013 18.00      Grupa wokalna                                                          <\/p>\n<p>                                                                  TANIEC<\/p>\n<p>                                                 RENATA GAWLAK \u2013 SPYRA<\/p>\n<p>                       PONIEDZIA\u0141EK 11.40.30 \u2013 13.10   SP nr 4<\/p>\n<p>                                                       14.30 \u2013 15.15  gr. 6,7,8  lat (poczatkuj\u0105ca)<br \/>\n                                                                                + gr. \u201ePL\u0104S\u201d                                   MDK <\/p>\n<p>                                                       15.15 \u2013 16.00   gr. \u201eU\u015aMIECH\u201d                         MDK<\/p>\n<p>                                                       16.00 \u2013 16.45   gr. \u201eIMPULS\u201d                            MDK<\/p>\n<p>                        WTOREK                11.40 \u2013 13.10  SP nr 4<\/p>\n<p>                                                         14.30 \u2013 15.15   gr. \u201eATOM\u00d3WKI\u201d                 MDK<br \/>\n                                                         15.15 \u2013 16.00   gr. \u201eBEST\u201d                              MDK<\/p>\n<p>                        \u015aRODA                   08.00 \u2013 09.35  SP nr 1<br \/>\n                                                        10.35 \u2013 13.10    SP nr 1<\/p>\n<p>                       CZWARTEK            09.50 \u2013 10.35   SP nr 1<br \/>\n                                                          11.40 \u2013 13.10   SP nr 1<\/p>\n<p>                                                             TANIEC<\/p>\n<p>                                                   MONIKA WACEK<\/p>\n<p>                    WTOREK              15.30 \u2013 17.00    gr. \u201eFREESTYLE\u201d<br \/>\n                                                    17.00 \u2013 19.15    gr.\u201dVIBES GIRLS\u201d       <\/p>\n<p>                     \u015aRODA                15.15 \u2013 17.30    gr.\u201dFAIR PLAY\u201d<br \/>\n                                                    17.30 \u2013 18.30   gr.\u201dBEST\u201d<\/p>\n<p>                    CZWARTEK        15.15 \u2013 17.30    gr.\u201dDREAM TEAM\u201d<br \/>\n                                                   17.30 \u2013 18.30    gr.\u201dBEST\u201d          <\/p>\n<p>                    PI\u0104TEK               15.15 \u2013 16.00     gr. pocz\u0105tkuj\u0105ca najm\u0142odsza<br \/>\n                                                   16.00 \u2013 18.30    gr. pocz\u0105tkuj\u0105ca  starsza           <\/p>\n<p>                     PLASTYKA, CERAMIKA, GRAFIKA KOMPUTEROWA<\/p>\n<p>                                                BART\u0141OMIEJ BELNIAK<\/p>\n<p>                      PONIEDZIA\u0141EK   14.00 \u2013 16.15   Plastyka         gr. I                    MDK<\/p>\n<p>                      WTOREK              13.00 \u2013 15.15     Ceramika       gr. m\u0142odsza I    MDK<br \/>\n                                                     15.15 \u2013 17.30      Ceramika       gr. m\u0142odsza II  MDK<\/p>\n<p>                      \u015aRODA                16.00 \u2013 17.30      Grafika komputerowa             MDK<\/p>\n<p>                      CZWARTEK         12.30 \u2013 14.45     Plastyka gr.II                          SP nr 6<br \/>\n                                                      15.00 \u2013 18.00     Ceramika gr. starsza III       MDK<\/p>\n<p>                                               PLASTYKA<\/p>\n<p>                                      AGATA MUSIA\u0141- JANIK<\/p>\n<p>                       WTOREK ZAJ\u0118CIA BOBOWA, \u015aRODA ZAJ\u0118CIA BIECZ<\/p>\n<p>                      CZWARTEK          13.00 &#8211; 16.00                                                           MDK<\/p>\n<p>                      PI\u0104TEK                  15.00 &#8211; 18.00                                                          MDK<\/p>\n<p>                                       PLASTYKA I FOTOGRAFIA<\/p>\n<p>                                         WOJCIECH HABEREK<\/p>\n<p>                 PONIEDZIA\u0141EK          14.45-17.00        Fotografia<\/p>\n<p>                 WTOREK                       13.00 \u2013 15.15                                                     MDK<br \/>\n                                                          15.15 \u2013 17.30                                                     MDK<\/p>\n<p>                 \u015aRODA                           13.30 \u2013 15.00                                                    MDK<br \/>\n                                                          15.00 \u2013 17.15                                                     MDK<\/p>\n<p>                 CZWARTEK                 13.00- 16.00                                                       MDK<\/p>\n<p>                        KO\u0141O TEATRALNE I M\u0141ODZIE\u017bOWY KLUB FILMOWY<\/p>\n<p>                               DOMINIKA JOD\u0141OWSKA \u2013 KUBALA<\/p>\n<p>             WTOREK                    16.30 \u2013 18.00  gr. teatralna PAUZA m\u0142odsza s .podstawowa<\/p>\n<p>             CZWARTEK               16.00 \u2013 17.30  gr. teatralna MI\u0118DZY S\u0141OWAMI s. \u015brednia<\/p>\n<p>              PI\u0104TEK                     16.00 \u2013 17.30    zaj\u0119cia recytatorskie  gr. starsza<br \/>\n                                                  17.30 \u2013 19.00     zaj\u0119cia recytatorskie gr. m\u0142odsza                        <\/p>\n","protected":false},"excerpt":{"rendered":"<p>Zapraszamy na zaj\u0119cia do MDK. Poni\u017cej zamieszczamy plan zaj\u0119\u0107 obowi\u0105zuj\u0105cy od 8 wrze\u015bnia. Mo\u017cna si\u0119 jeszcze zapisa\u0107 do niekt\u00f3rych grup. Zapraszamy wszystkich ch\u0119tnych! PLAN ZAJ\u0118\u0106 W M\u0141ODZIE\u017bOWYM DOMU KULTURY W GORLICACH W ROKU SZKOLNYM 2025\/2026 MUZYKA TOMASZ KUBALA \u2013 ZAJ\u0118CIA GITAROWE i STUDIO WOKALNE WTOREK 16.15 \u2013 17.00 gr. gitarowa (kontynuacja) 17.00 \u2013 18.30 Studio [&hellip;]<\/p>\n","protected":false},"author":2,"featured_media":0,"comment_status":"closed","ping_status":"open","sticky":false,"template":"","format":"standard","meta":{"ngg_post_thumbnail":0},"categories":[1],"tags":[],"_links":{"self":[{"href":"https:\/\/mdk.gorlice.net.pl\/index.php?rest_route=\/wp\/v2\/posts\/3526"}],"collection":[{"href":"https:\/\/mdk.gorlice.net.pl\/index.php?rest_route=\/wp\/v2\/posts"}],"about":[{"href":"https:\/\/mdk.gorlice.net.pl\/index.php?rest_route=\/wp\/v2\/types\/post"}],"author":[{"embeddable":true,"href":"https:\/\/mdk.gorlice.net.pl\/index.php?rest_route=\/wp\/v2\/users\/2"}],"replies":[{"embeddable":true,"href":"https:\/\/mdk.gorlice.net.pl\/index.php?rest_route=%2Fwp%2Fv2%2Fcomments&post=3526"}],"version-history":[{"count":1,"href":"https:\/\/mdk.gorlice.net.pl\/index.php?rest_route=\/wp\/v2\/posts\/3526\/revisions"}],"predecessor-version":[{"id":3527,"href":"https:\/\/mdk.gorlice.net.pl\/index.php?rest_route=\/wp\/v2\/posts\/3526\/revisions\/3527"}],"wp:attachment":[{"href":"https:\/\/mdk.gorlice.net.pl\/index.php?rest_route=%2Fwp%2Fv2%2Fmedia&parent=3526"}],"wp:term":[{"taxonomy":"category","embeddable":true,"href":"https:\/\/mdk.gorlice.net.pl\/index.php?rest_route=%2Fwp%2Fv2%2Fcategories&post=3526"},{"taxonomy":"post_tag","embeddable":true,"href":"https:\/\/mdk.gorlice.net.pl\/index.php?rest_route=%2Fwp%2Fv2%2Ftags&post=3526"}],"curies":[{"name":"wp","href":"https:\/\/api.w.org\/{rel}","templated":true}]}}