{"id":3530,"date":"2025-09-22T12:46:05","date_gmt":"2025-09-22T12:46:05","guid":{"rendered":"https:\/\/mdk.gorlice.net.pl\/?p=3530"},"modified":"2025-09-22T12:58:50","modified_gmt":"2025-09-22T12:58:50","slug":"zapraszamy-do-wziecia-udzialu-w-naszych-konkursach","status":"publish","type":"post","link":"https:\/\/mdk.gorlice.net.pl\/?p=3530","title":{"rendered":"Zapraszamy do wzi\u0119cia udzia\u0142u w naszych konkursach.  1.Konkurs plastyczny Le\u015bne opowie\u015bci  2. Eliminacje rejonowe og\u00f3lnopolskiego konkursu recytatorskiego Pier\u015bcie\u0144 \u015aw. Kingi"},"content":{"rendered":"<p>Zapraszamy do wzi\u0119cia udzia\u0142u w naszych konkursach<br \/>\n1.Konkurs plastyczny Le\u015bne opowie\u015bci<br \/>\n <a href=\"https:\/\/mdk.gorlice.net.pl\/wp-content\/uploads\/2025\/09\/549047970_1358347369068439_3765392074505047318_n.jpg\" rel=\"lightbox[3530]\"><img loading=\"lazy\" src=\"https:\/\/mdk.gorlice.net.pl\/wp-content\/uploads\/2025\/09\/549047970_1358347369068439_3765392074505047318_n-243x300.jpg\" alt=\"\" width=\"243\" height=\"300\" class=\"alignnone size-medium wp-image-3532\" srcset=\"https:\/\/mdk.gorlice.net.pl\/wp-content\/uploads\/2025\/09\/549047970_1358347369068439_3765392074505047318_n-243x300.jpg 243w, https:\/\/mdk.gorlice.net.pl\/wp-content\/uploads\/2025\/09\/549047970_1358347369068439_3765392074505047318_n.jpg 485w\" sizes=\"(max-width: 243px) 100vw, 243px\" \/><\/a><\/p>\n<p><a href=\"https:\/\/mdk.gorlice.net.pl\/wp-content\/uploads\/2025\/09\/549425470_1358347549068421_1637153509130122442_n.jpg\" rel=\"lightbox[3530]\"><img loading=\"lazy\" src=\"https:\/\/mdk.gorlice.net.pl\/wp-content\/uploads\/2025\/09\/549425470_1358347549068421_1637153509130122442_n-239x300.jpg\" alt=\"\" width=\"239\" height=\"300\" class=\"alignnone size-medium wp-image-3533\" srcset=\"https:\/\/mdk.gorlice.net.pl\/wp-content\/uploads\/2025\/09\/549425470_1358347549068421_1637153509130122442_n-239x300.jpg 239w, https:\/\/mdk.gorlice.net.pl\/wp-content\/uploads\/2025\/09\/549425470_1358347549068421_1637153509130122442_n.jpg 478w\" sizes=\"(max-width: 239px) 100vw, 239px\" \/><\/a><\/p>\n<p><a href=\"https:\/\/mdk.gorlice.net.pl\/wp-content\/uploads\/2025\/09\/549536607_1358347492401760_3052333548691035513_n.jpg\" rel=\"lightbox[3530]\"><img loading=\"lazy\" src=\"https:\/\/mdk.gorlice.net.pl\/wp-content\/uploads\/2025\/09\/549536607_1358347492401760_3052333548691035513_n-246x300.jpg\" alt=\"\" width=\"246\" height=\"300\" class=\"alignnone size-medium wp-image-3534\" srcset=\"https:\/\/mdk.gorlice.net.pl\/wp-content\/uploads\/2025\/09\/549536607_1358347492401760_3052333548691035513_n-246x300.jpg 246w, https:\/\/mdk.gorlice.net.pl\/wp-content\/uploads\/2025\/09\/549536607_1358347492401760_3052333548691035513_n.jpg 491w\" sizes=\"(max-width: 246px) 100vw, 246px\" \/><\/a><\/p>\n<p><a href=\"https:\/\/mdk.gorlice.net.pl\/wp-content\/uploads\/2025\/09\/550087039_1358347652401744_4688730302028854127_n.jpg\" rel=\"lightbox[3530]\"><img loading=\"lazy\" src=\"https:\/\/mdk.gorlice.net.pl\/wp-content\/uploads\/2025\/09\/550087039_1358347652401744_4688730302028854127_n-239x300.jpg\" alt=\"\" width=\"239\" height=\"300\" class=\"alignnone size-medium wp-image-3535\" srcset=\"https:\/\/mdk.gorlice.net.pl\/wp-content\/uploads\/2025\/09\/550087039_1358347652401744_4688730302028854127_n-239x300.jpg 239w, https:\/\/mdk.gorlice.net.pl\/wp-content\/uploads\/2025\/09\/550087039_1358347652401744_4688730302028854127_n.jpg 478w\" sizes=\"(max-width: 239px) 100vw, 239px\" \/><\/a><\/p>\n<p><a href=\"https:\/\/mdk.gorlice.net.pl\/wp-content\/uploads\/2025\/09\/550444917_1358347162401793_6491723091543393198_n.jpg\" rel=\"lightbox[3530]\"><img loading=\"lazy\" src=\"https:\/\/mdk.gorlice.net.pl\/wp-content\/uploads\/2025\/09\/550444917_1358347162401793_6491723091543393198_n-212x300.jpg\" alt=\"\" width=\"212\" height=\"300\" class=\"alignnone size-medium wp-image-3536\" srcset=\"https:\/\/mdk.gorlice.net.pl\/wp-content\/uploads\/2025\/09\/550444917_1358347162401793_6491723091543393198_n-212x300.jpg 212w, https:\/\/mdk.gorlice.net.pl\/wp-content\/uploads\/2025\/09\/550444917_1358347162401793_6491723091543393198_n.jpg 424w\" sizes=\"(max-width: 212px) 100vw, 212px\" \/><\/a><\/p>\n<p>2. Eliminacje rejonowe og\u00f3lnopolskiego konkursu recytatorskiego Pier\u015bcie\u0144 \u015aw. Kingi<\/p>\n<p>Regulamin<br \/>\n29.Og\u00f3lnopolskiego Konkursu Polskiej Poezji Religijnej \u201ePier\u015bcie\u0144 \u015bw. Kingi\u201d<br \/>\nNowy S\u0105cz \u2013 Bochnia \u2013 24.11.2025 r.<\/p>\n<p>Organizatorzy<br \/>\nLudomir Handzel Prezydent Nowego S\u0105cza<br \/>\nKopalnia Soli Bochnia<br \/>\nPa\u0142ac M\u0142odzie\u017cy w Nowym S\u0105czu<br \/>\nWydawnictwo Diecezji Tarnowskiej PROMYCZEK<br \/>\nStowarzyszenie PROMYCZEK DZIECIOM<\/p>\n<p>Warunki uczestnictwa<br \/>\n1.\tKonkurs przeznaczony jest dla uczni\u00f3w szk\u00f3\u0142 podstawowych.<br \/>\n2.\tPrzes\u0142uchania konkursowe b\u0119d\u0105 si\u0119 odbywa\u0107 w trzech kategoriach wiekowych (uwzgl\u0119dniamy przynale\u017cno\u015b\u0107 dzieci do klas, a nie rok urodzenia):<br \/>\n\u2022\tklasy 1 \u2013 3,<br \/>\n\u2022\tklasy 4 \u2013 6,<br \/>\n\u2022\tklasy 7 \u2013 8.<br \/>\n3.\tPrzes\u0142uchania fina\u0142owe zostan\u0105 poprzedzone eliminacjami rejonowymi. Do eliminacji rejonowych szko\u0142y kwalifikuj\u0105 po trzy osoby z ka\u017cdej kategorii.<br \/>\n4.\tCzas recytacji nie mo\u017ce przekroczy\u0107 3 minut.<br \/>\n5.\tPlac\u00f3wki o\u015bwiatowe i domy kultury organizuj\u0105ce przes\u0142uchania rejonowe kwalifikuj\u0105 do fina\u0142u konkursu laureat\u00f3w I, II i III miejsca, ale nie wi\u0119cej ni\u017c 9 uczni\u00f3w z jednego rejonu.<br \/>\n6.\tEliminacje rejonowe w M\u0142odzie\u017cowym Domu Kultury w Gorlicach odb\u0119d\u0105 si\u0119 17 listopada 2025 o godz. 9.00.<br \/>\n7.\tZg\u0142oszenia na przes\u0142uchania fina\u0142owe prosimy nadsy\u0142a\u0107 do dnia 7 listopada 2025 na adres: M\u0142odzie\u017cowy Dom Kultury w Gorlicach ul. Cicha 4, 38-300 Gorlice, mail mdk@gorlice.net.pl. Koordynacj\u0105 konkursu zajmuje si\u0119 Dominika Kubala (tel. 518373213).<br \/>\n8.\tPrzes\u0142uchania fina\u0142owe odb\u0119d\u0105 si\u0119 w Kopalni Soli Bochnia w dniu 24 listopada 2025r. Uczestnicy spotykaj\u0105 si\u0119 w recepcji Kopalni Soli Bochnia, 24.11.2025 r., w godz. 9.00 \u2013 10.00, ul. Campi 15.<\/p>\n<p>Kryteria oceny<br \/>\nJury konkursu oceni wyst\u0119py uczestnik\u00f3w bior\u0105c pod uwag\u0119 nast\u0119puj\u0105ce kryteria:<br \/>\n\u2022\tdob\u00f3r repertuaru,<br \/>\n\u2022\tinterpretacja utworu,<br \/>\n\u2022\tkultura s\u0142owa,<br \/>\n\u2022\tog\u00f3lny wyraz artystyczny (prosimy o nieu\u017cywanie stroj\u00f3w teatralnych i rekwizyt\u00f3w).<\/p>\n<p>Nagrody i wyr\u00f3\u017cnienia<br \/>\nPo przes\u0142uchaniach ko\u0144cowych jury przyzna dyplomy oraz nagrody rzeczowe okre\u015blaj\u0105c I, II i III  miejsce  w  trzech  kategoriach  wiekowych.  Ponadto  przewidujemy  wyr\u00f3\u017cnienia i prezentacj\u0119 na antenie rozg\u0142o\u015bni radiowych oraz og\u0142oszenie wynik\u00f3w w mediach, kt\u00f3re przyj\u0119\u0142y patronat nad konkursem, a tak\u017ce na stronach internetowych organizator\u00f3w.<\/p>\n<p>Informacje dla finalist\u00f3w<br \/>\nKoszt pobytu (zjazd, uczestnictwo w konkursie i zwiedzanie Kopalni Soli) od jednej osoby wynosi:<br \/>\n70 z\u0142 \u2013 dziecko,<br \/>\n80 z\u0142 \u2013 osoba towarzysz\u0105ca (opiekun).<br \/>\nUwaga! Nie mo\u017cna p\u0142aci\u0107 kart\u0105. Wy\u017cywienie we w\u0142asnym zakresie.<\/p>\n<p>Pozosta\u0142e uwagi<br \/>\nPomoc\u0105 w doborze repertuaru mo\u017ce by\u0107 ksi\u0105\u017cka: \u201ePromyki dobroci i rado\u015bci \u2013 Antologia poezji religijnej dla dzieci\u201d cz. 1 i cz. 2 \u2013 dost\u0119pna w ksi\u0119garniach lub u organizatora tel. 18 443 44 00, www.sklep.promyczek.pl W publikacjach znajdzie si\u0119 ponad 300 utwor\u00f3w blisko 30 autor\u00f3w aktualnie pisz\u0105cych dla dzieci.<br \/>\nWszystkie osoby wsp\u00f3\u0142pracuj\u0105ce przy wydarzeniu przesz\u0142y weryfikacje i zapozna\u0142y si\u0119 z procedurami ochrony dzieci przed krzywdzeniem wg Standard\u00f3w Ochrony Nieletnich obowi\u0105zuj\u0105cych w Pa\u0142acu M\u0142odzie\u017cy w Nowym S\u0105czu.<\/p>\n<p>Przetwarzanie danych osobowych:<br \/>\n1.\tAdministratorem danych osobowych przekazanych przez uczestnik\u00f3w jest Organizator Konkursu \u2013 Pa\u0142ac M\u0142odzie\u017cy w Nowym S\u0105czy, z siedzib\u0105 Rynek 14, 33-300 Nowy S\u0105cz, oraz Wydawnictwo Diecezji Tarnowskiej \u201ePromyczek\u201d z siedzib\u0105 Plac Kolegiacki 4, 33-300 Nowy S\u0105cz, kt\u00f3re zapewnia wszystkim zg\u0142oszonym uczestnikom realizacj\u0119 uprawnie\u0144 wynikaj\u0105cych z unijnego Rozporz\u0105dzenia Parlamentu Europejskiego i Rady (UE) 2016\/679 z dnia 27 Kwietnia 2016 r. w sprawie ochrony os\u00f3b fizycznych w zwi\u0105zku z przetwarzaniem danych osobowych i w sprawie swobodnego przep\u0142ywu takich danych.<br \/>\n2.\tDane osobowe przekazane organizatorowi i wsp\u00f3\u0142organizatorom przez uczestnik\u00f3w Konkursu b\u0119d\u0105 przez niego przetwarzane w celu realizacji Konkursu i wy\u0142onienia zwyci\u0119zc\u00f3w Konkursu oraz przyznaniu nagr\u00f3d. Podanie danych osobowych jest dobrowolne, a uczestnikowi przys\u0142uguje prawo wgl\u0105du, \u017c\u0105dania aktualizacji lub usuni\u0119cia danych.<br \/>\n3.\tUczestnik przyst\u0119puj\u0105c do Konkursu, wraz z opiekunem prawnym wyra\u017ca zgod\u0119 na przetwarzanie podanych danych osobowych w celach okre\u015blonych w Regulaminie oraz na opublikowanie jego imienia i nazwiska, miejscowo\u015bci, z kt\u00f3rej pochodzi oraz wizerunku: w programach telewizyjnych (relacjach z Konkursu), artyku\u0142ach prasowych, na stronach internetowych www.palacmlodziezy.pl www.promyczek.pl oraz na profilach Facebook Pa\u0142acu M\u0142odzie\u017cy i Wydawnictwa \u201ePromyczek\u201d poprzez podpisanie zgody znajduj\u0105cej si\u0119 na Karcie Zg\u0142oszenia.<br \/>\n4.\tWyra\u017cam zgod\u0119 na przetwarzanie przez organizatora \u2013 Pa\u0142ac M\u0142odzie\u017cy w Nowym S\u0105czu i Wydawnictwo \u201ePromyczek\u201d oraz partner\u00f3w konkursu, danych osobowych podanych przeze mnie w zwi\u0105zku z przyst\u0105pieniem do Og\u00f3lnopolskiego Konkursu Polskiej Poezji Religijnej \u201ePier\u015bcie\u0144 \u015awi\u0119tej Kingi\u201d celu przeprowadzenia i realizacji konkursu. Wyra\u017cam zgod\u0119 na opublikowanie imienia i nazwiska mojego dziecka, miejscowo\u015bci, z kt\u00f3rej pochodz\u0119, i wizerunku na stronach internetowych: www.promyczek.pl i www.palacmlodziezy.pl oraz profilach spo\u0142eczno\u015bciowym Facebook. Jednocze\u015bnie informuj\u0119, \u017ce jestem \u015bwiadomy dobrowolno\u015bci podania danych osobowych oraz \u017ce zosta\u0142em poinformowany o prawie wgl\u0105du do moich danych, mo\u017cliwo\u015bci ich poprawiania oraz zg\u0142oszenia sprzeciwu co do dalszego ich przetwarzania oraz na przekazanie moich danych osobowych fundatorowi nagr\u00f3d.<\/p>\n<p><a href=\"https:\/\/mdk.gorlice.net.pl\/wp-content\/uploads\/2025\/09\/Karta_zgloszenia_kinga_2025-1.doc\">Karta_zgloszenia_kinga_2025 (1)<\/a><\/p>\n","protected":false},"excerpt":{"rendered":"<p>Zapraszamy do wzi\u0119cia udzia\u0142u w naszych konkursach 1.Konkurs plastyczny Le\u015bne opowie\u015bci 2. Eliminacje rejonowe og\u00f3lnopolskiego konkursu recytatorskiego Pier\u015bcie\u0144 \u015aw. Kingi Regulamin 29.Og\u00f3lnopolskiego Konkursu Polskiej Poezji Religijnej \u201ePier\u015bcie\u0144 \u015bw. Kingi\u201d Nowy S\u0105cz \u2013 Bochnia \u2013 24.11.2025 r. Organizatorzy Ludomir Handzel Prezydent Nowego S\u0105cza Kopalnia Soli Bochnia Pa\u0142ac M\u0142odzie\u017cy w Nowym S\u0105czu Wydawnictwo Diecezji Tarnowskiej PROMYCZEK Stowarzyszenie [&hellip;]<\/p>\n","protected":false},"author":2,"featured_media":0,"comment_status":"closed","ping_status":"open","sticky":false,"template":"","format":"standard","meta":{"ngg_post_thumbnail":0},"categories":[1],"tags":[],"_links":{"self":[{"href":"https:\/\/mdk.gorlice.net.pl\/index.php?rest_route=\/wp\/v2\/posts\/3530"}],"collection":[{"href":"https:\/\/mdk.gorlice.net.pl\/index.php?rest_route=\/wp\/v2\/posts"}],"about":[{"href":"https:\/\/mdk.gorlice.net.pl\/index.php?rest_route=\/wp\/v2\/types\/post"}],"author":[{"embeddable":true,"href":"https:\/\/mdk.gorlice.net.pl\/index.php?rest_route=\/wp\/v2\/users\/2"}],"replies":[{"embeddable":true,"href":"https:\/\/mdk.gorlice.net.pl\/index.php?rest_route=%2Fwp%2Fv2%2Fcomments&post=3530"}],"version-history":[{"count":5,"href":"https:\/\/mdk.gorlice.net.pl\/index.php?rest_route=\/wp\/v2\/posts\/3530\/revisions"}],"predecessor-version":[{"id":3542,"href":"https:\/\/mdk.gorlice.net.pl\/index.php?rest_route=\/wp\/v2\/posts\/3530\/revisions\/3542"}],"wp:attachment":[{"href":"https:\/\/mdk.gorlice.net.pl\/index.php?rest_route=%2Fwp%2Fv2%2Fmedia&parent=3530"}],"wp:term":[{"taxonomy":"category","embeddable":true,"href":"https:\/\/mdk.gorlice.net.pl\/index.php?rest_route=%2Fwp%2Fv2%2Fcategories&post=3530"},{"taxonomy":"post_tag","embeddable":true,"href":"https:\/\/mdk.gorlice.net.pl\/index.php?rest_route=%2Fwp%2Fv2%2Ftags&post=3530"}],"curies":[{"name":"wp","href":"https:\/\/api.w.org\/{rel}","templated":true}]}}