{"id":3544,"date":"2025-10-04T08:39:58","date_gmt":"2025-10-04T08:39:58","guid":{"rendered":"https:\/\/mdk.gorlice.net.pl\/?p=3544"},"modified":"2025-10-04T08:39:58","modified_gmt":"2025-10-04T08:39:58","slug":"serdecznie-zapraszamy-na-spektakl-muzyczny-pt-ach-ten-dzien-nauczyciela","status":"publish","type":"post","link":"https:\/\/mdk.gorlice.net.pl\/?p=3544","title":{"rendered":"Serdecznie zapraszamy na spektakl muzyczny pt. \u201eAch ten Dzie\u0144 nauczyciela\u201d"},"content":{"rendered":"<p><a href=\"https:\/\/mdk.gorlice.net.pl\/wp-content\/uploads\/2025\/10\/MDK_koncert_DZIEN_NAUCZYCIELA_10_10_2025_plakat.jpg\" rel=\"lightbox[3544]\"><img loading=\"lazy\" src=\"https:\/\/mdk.gorlice.net.pl\/wp-content\/uploads\/2025\/10\/MDK_koncert_DZIEN_NAUCZYCIELA_10_10_2025_plakat-212x300.jpg\" alt=\"\" width=\"212\" height=\"300\" class=\"alignnone size-medium wp-image-3545\" srcset=\"https:\/\/mdk.gorlice.net.pl\/wp-content\/uploads\/2025\/10\/MDK_koncert_DZIEN_NAUCZYCIELA_10_10_2025_plakat-212x300.jpg 212w, https:\/\/mdk.gorlice.net.pl\/wp-content\/uploads\/2025\/10\/MDK_koncert_DZIEN_NAUCZYCIELA_10_10_2025_plakat.jpg 424w\" sizes=\"(max-width: 212px) 100vw, 212px\" \/><\/a>\u201eAch ten Dzie\u0144 nauczyciela\u201d to tytu\u0142 kolejnego koncertu przygotowanego przez m\u0142odzie\u017c studia wokalnego M\u0142odzie\u017cowego Domu Kultury w Gorlicach. Tytu\u0142 ju\u017c zdecydowanie sugeruje o czym tym razem b\u0119d\u0105 opowiada\u0107 w piosenkach m\u0142odzi arty\u015bci. Jak zawsze dob\u00f3r repertuaru mo\u017ce zaskoczy\u0107 i b\u0119dzie na pewno niespodziank\u0105 dla s\u0142uchaczy. Spektakl muzyczny, bo tym razem si\u0119gn\u0119li\u015bmy po t\u0119 form\u0119 przekazu artystycznego, odb\u0119dzie si\u0119 10.10.2025 (pi\u0105tek) o godzinie 19.00 w sali widowiskowej MDK w Gorlicach ( ul. Cicha 4).<br \/>\nPrzed Pa\u0144stwem wyst\u0105pi\u0105: PATRYCJA KOPACZ, MARTYNA GODEK, OLIWIA DAJEK, DOMINIK PABISZ , MAJA PISZCZEK, KLAUDIA MYSZKOWSKA, GABRYSIA RUWI\u0143SKA, SYLWIA \u015aWIERZ, EWA URZ\u0118DOWSKA, MICHA\u0141 ROTKO, MONIKA PISZCZEK, ANIA GUZIK, AMELIA MITORAJ, ALEKSANDRA PRZYBY\u0141OWICZ<br \/>\nTowarzyszy\u0107 wokalistom b\u0119d\u0105 Miros\u0142aw Bogo\u0144, Tomasz Kubala, Piotr Przyrowski, Rafa\u0142 Belczyk, Marek Czarnota.<\/p>\n<p>Serdecznie zapraszamy!!! Wst\u0119p wolne datki.<\/p>\n","protected":false},"excerpt":{"rendered":"<p>\u201eAch ten Dzie\u0144 nauczyciela\u201d to tytu\u0142 kolejnego koncertu przygotowanego przez m\u0142odzie\u017c studia wokalnego M\u0142odzie\u017cowego Domu Kultury w Gorlicach. Tytu\u0142 ju\u017c zdecydowanie sugeruje o czym tym razem b\u0119d\u0105 opowiada\u0107 w piosenkach m\u0142odzi arty\u015bci. Jak zawsze dob\u00f3r repertuaru mo\u017ce zaskoczy\u0107 i b\u0119dzie na pewno niespodziank\u0105 dla s\u0142uchaczy. Spektakl muzyczny, bo tym razem si\u0119gn\u0119li\u015bmy po t\u0119 form\u0119 przekazu [&hellip;]<\/p>\n","protected":false},"author":2,"featured_media":0,"comment_status":"closed","ping_status":"open","sticky":false,"template":"","format":"standard","meta":{"ngg_post_thumbnail":0},"categories":[1],"tags":[],"_links":{"self":[{"href":"https:\/\/mdk.gorlice.net.pl\/index.php?rest_route=\/wp\/v2\/posts\/3544"}],"collection":[{"href":"https:\/\/mdk.gorlice.net.pl\/index.php?rest_route=\/wp\/v2\/posts"}],"about":[{"href":"https:\/\/mdk.gorlice.net.pl\/index.php?rest_route=\/wp\/v2\/types\/post"}],"author":[{"embeddable":true,"href":"https:\/\/mdk.gorlice.net.pl\/index.php?rest_route=\/wp\/v2\/users\/2"}],"replies":[{"embeddable":true,"href":"https:\/\/mdk.gorlice.net.pl\/index.php?rest_route=%2Fwp%2Fv2%2Fcomments&post=3544"}],"version-history":[{"count":1,"href":"https:\/\/mdk.gorlice.net.pl\/index.php?rest_route=\/wp\/v2\/posts\/3544\/revisions"}],"predecessor-version":[{"id":3546,"href":"https:\/\/mdk.gorlice.net.pl\/index.php?rest_route=\/wp\/v2\/posts\/3544\/revisions\/3546"}],"wp:attachment":[{"href":"https:\/\/mdk.gorlice.net.pl\/index.php?rest_route=%2Fwp%2Fv2%2Fmedia&parent=3544"}],"wp:term":[{"taxonomy":"category","embeddable":true,"href":"https:\/\/mdk.gorlice.net.pl\/index.php?rest_route=%2Fwp%2Fv2%2Fcategories&post=3544"},{"taxonomy":"post_tag","embeddable":true,"href":"https:\/\/mdk.gorlice.net.pl\/index.php?rest_route=%2Fwp%2Fv2%2Ftags&post=3544"}],"curies":[{"name":"wp","href":"https:\/\/api.w.org\/{rel}","templated":true}]}}