{"id":3548,"date":"2025-10-20T06:53:30","date_gmt":"2025-10-20T06:53:30","guid":{"rendered":"https:\/\/mdk.gorlice.net.pl\/?p=3548"},"modified":"2025-10-20T06:53:30","modified_gmt":"2025-10-20T06:53:30","slug":"powiatowy-konkurs-piosenki-roznej-8","status":"publish","type":"post","link":"https:\/\/mdk.gorlice.net.pl\/?p=3548","title":{"rendered":"Powiatowy Konkurs Piosenki R\u00f3\u017cnej"},"content":{"rendered":"<p><a href=\"https:\/\/mdk.gorlice.net.pl\/wp-content\/uploads\/2025\/10\/MDK_Konkurs_Piosenki_ROZNEJ_edycja_XXI___11_2_0_2_5____PLAKAT.jpg\" rel=\"lightbox[3548]\"><img loading=\"lazy\" src=\"https:\/\/mdk.gorlice.net.pl\/wp-content\/uploads\/2025\/10\/MDK_Konkurs_Piosenki_ROZNEJ_edycja_XXI___11_2_0_2_5____PLAKAT-212x300.jpg\" alt=\"\" width=\"212\" height=\"300\" class=\"alignnone size-medium wp-image-3549\" srcset=\"https:\/\/mdk.gorlice.net.pl\/wp-content\/uploads\/2025\/10\/MDK_Konkurs_Piosenki_ROZNEJ_edycja_XXI___11_2_0_2_5____PLAKAT-212x300.jpg 212w, https:\/\/mdk.gorlice.net.pl\/wp-content\/uploads\/2025\/10\/MDK_Konkurs_Piosenki_ROZNEJ_edycja_XXI___11_2_0_2_5____PLAKAT.jpg 424w\" sizes=\"(max-width: 212px) 100vw, 212px\" \/><\/a>Jak co roku zapraszamy do wzi\u0119cia udzia\u0142u w naszym konkursie!<br \/>\nPoni\u017cej zamieszczamy regulamin i kart\u0119 zg\u0142oszenia<\/p>\n<p>REGULAMIN POWIATOWEGO KONKURSU PIOSENKI R\u00d3\u017bNEJ<br \/>\n1.Organizator Konkursu : M\u0142odzie\u017cowy Dom Kultury w Gorlicach<br \/>\n2.Cel Konkursu: popularyzacja \u015bpiewania w\u015br\u00f3d dzieci i m\u0142odzie\u017cy, tw\u00f3rcza wymiana do\u015bwiadcze\u0144 muzycznych oraz wspieranie i promocja tw\u00f3rczo\u015bci artystycznej m\u0142odych wykonawc\u00f3w z terenu Powiatu Gorlickiego<br \/>\n3. Zasady uczestnictwa:<br \/>\nKonkurs przeznaczony jest dla dzieci i m\u0142odzie\u017cy w nast\u0119puj\u0105cych kategoriach:<br \/>\n\u2013 Klasy I-III szko\u0142y podstawowe<br \/>\n\u2013 Klasy IV-VI szko\u0142y podstawowe<br \/>\n\u2013 Klasy VII-VIII szko\u0142y podstawowe<br \/>\nW konkursie mog\u0105 bra\u0107 udzia\u0142 wy\u0142\u0105cznie soli\u015bci, uczestnicy przygotowuj\u0105 jeden utw\u00f3r o dowolnej tematyce, kt\u00f3rego czas trwania nie mo\u017ce przekroczy\u0107 5 minut<br \/>\n4. Ocena i nagrody:<br \/>\nJury ocenia\u0107 b\u0119dzie: walory wokalne, staranno\u015b\u0107 wykonania (intonacja, dykcja), dob\u00f3r repertuaru do wieku oraz mo\u017cliwo\u015bci wykonawcy, interpretacj\u0119 wokalno \u2013 sceniczn\u0105<br \/>\nWszyscy uczestnicy otrzymuj\u0105 pami\u0105tkowe dyplomy uczestnictwa, laureaci konkursu otrzymuj\u0105 pami\u0105tkowe dyplomy oraz statuetki<br \/>\n5.Sprawy organizacyjne:<br \/>\nKarty zg\u0142osze\u0144, wed\u0142ug wzoru stanowi\u0105cego za\u0142\u0105cznik nr 1 do niniejszego regulaminu nale\u017cy przes\u0142a\u0107 do dnia 13.11.2025r. pod adres: M\u0142odzie\u017cowy Dom Kultury w Gorlicach ul.Cicha 4 tel\/fax. 18 353 58 91, e- mail: mdk@gorlice.net.pl<br \/>\nKarta zg\u0142oszenia stanowi za\u0142\u0105cznik do niniejszego regulaminu.<br \/>\nPrzes\u0142uchania konkursowe odb\u0119d\u0105 si\u0119 20.11.2025r.(czwartek) od godz.9.00 w M\u0142odzie\u017cowym Domu Kultury w Gorlicach ul. Cicha 4. Szczeg\u00f3\u0142owy plan przes\u0142ucha\u0144 ustala organizator. Uczestnicy wraz z opiekunami przyje\u017cd\u017caj\u0105 na koszt w\u0142asny.         O ewentualnych zmianach organizacyjno \u2013 regulaminowych wynik\u0142ych w trakcie prowadzenia rekrutacji konkursowych uczestnicy zostan\u0105 poinformowani telefonicznie. Wszelkie dodatkowe informacje mo\u017cna uzyska\u0107 pod numerem  18 353 58 91<br \/>\n6. Ochrona danych osobowych<br \/>\nAdministratorem danych osobowych uczestnik\u00f3w i ich rodzic\u00f3w\/opiekun\u00f3w prawnych jest M\u0142odzie\u017cowy Dom Kultury z siedzib\u0105 przy ul. Cichej 4 , 38-300 Gorlice, tel. 18 353 58 91, e-mail:mdk@gorlice.net.pl.<br \/>\nAdministrator wyznaczy\u0142 Inspektora Ochrony Danych oraz Z-c\u0119 Inspektora Ochrony Danych, z kt\u00f3rym w sprawach z zakresu ochrony danych osobowych mo\u017cna si\u0119 skontaktowa\u0107 kieruj\u0105c korespondencj\u0119 na adres e-mail: iod@powiatgorlicki.pl.<br \/>\nAdministrator zbiera dane osobowe uczestnik\u00f3w Konkursu w celu organizacji i przeprowadzenia Konkursu, a tak\u017ce w celach promuj\u0105cych Organizatora Konkursu i Organ Prowadz\u0105cy.<br \/>\nCz\u0142onkowie jury konkursowego uczestnicz\u0105 w przetwarzaniu danych osobowych uczestnik\u00f3w Konkursu w zakresie niezb\u0119dnym do oceny umiej\u0119tno\u015bci wokalnych uczestnik\u00f3w poprzez wgl\u0105d w dane osobowe uczestnik\u00f3w Konkursu, w stopniu gwarantuj\u0105cym nale\u017cyty poziom bezpiecze\u0144stwa przetwarzanych danych osobowych, z zastosowaniem odpowiednich \u015brodk\u00f3w technicznych i organizacyjnych uwzgl\u0119dniaj\u0105cych zakres, cel i kontekst przetwarzania oraz ryzyko naruszenia praw i wolno\u015bci os\u00f3b fizycznych.<br \/>\nPo zako\u0144czeniu Konkursu Karty zg\u0142osze\u0144 zawieraj\u0105ce dane osobowe s\u0105 niszczone, za wyj\u0105tkiem danych osobowych finalist\u00f3w i laureat\u00f3w Konkursu, obejmuj\u0105cych imi\u0119 i nazwisko oraz nazw\u0119 szko\u0142y, do kt\u00f3rej ucz\u0119szcza.<br \/>\nPodanie danych osobowych przez uczestnik\u00f3w Konkursu jest dobrowolne, ale niezb\u0119dne do udzia\u0142u w Konkursie.<br \/>\nUczestnik Konkursu i rodzic lub opiekun prawny zezwala na wykorzystanie jego imienia i nazwiska oraz danych kontaktowych w celu informowania o wynikach Konkursu oraz na publikacj\u0119 wizerunku uczestnik\u00f3w w celach promuj\u0105cych ich osi\u0105gni\u0119cia oraz pozytywny wizerunek plac\u00f3wki wed\u0142ug za\u0142\u0105czonej zgody na Karcie zg\u0142oszenia zgody.<br \/>\nDane uczestnik\u00f3w Konkursu i ich rodzic\u00f3w i opiekun\u00f3w prawnych nie b\u0119d\u0105 przetwarzane w spos\u00f3b zautomatyzowany<\/p>\n<p>KARTA ZG\u0141OSZENIA<br \/>\n\u2013 Imi\u0119 i nazwisko solisty<br \/>\n\u2026\u2026\u2026\u2026\u2026\u2026\u2026\u2026\u2026\u2026\u2026\u2026\u2026\u2026\u2026\u2026\u2026\u2026\u2026\u2026\u2026\u2026\u2026\u2026\u2026\u2026\u2026\u2026\u2026\u2026\u2026\u2026\u2026\u2026\u2026\u2026\u2026\u2026\u2026\u2026\u2026\u2026\u2026\u2026\u2026\u2026<br \/>\n\u2013 Kategoria<br \/>\n\u2026\u2026\u2026\u2026\u2026\u2026\u2026\u2026\u2026\u2026\u2026\u2026\u2026\u2026\u2026\u2026\u2026\u2026\u2026\u2026\u2026\u2026\u2026\u2026\u2026\u2026\u2026\u2026\u2026\u2026\u2026\u2026\u2026\u2026\u2026\u2026\u2026\u2026\u2026\u2026\u2026\u2026\u2026\u2026\u2026\u2026<br \/>\n\u2013 Tytu\u0142 utworu<br \/>\n\u2026\u2026\u2026\u2026\u2026\u2026\u2026\u2026\u2026\u2026\u2026\u2026\u2026\u2026\u2026\u2026\u2026\u2026\u2026\u2026\u2026\u2026\u2026\u2026\u2026\u2026\u2026\u2026\u2026\u2026\u2026\u2026\u2026\u2026\u2026\u2026\u2026\u2026\u2026\u2026\u2026\u2026\u2026\u2026\u2026\u2026<br \/>\n_____________________________________________________________________<br \/>\nNazwa i adres Szko\u0142y lub Plac\u00f3wki, kt\u00f3ra jest reprezentowana przez wykonawc\u00f3w<br \/>\n\u2026\u2026\u2026\u2026\u2026\u2026\u2026\u2026\u2026\u2026\u2026\u2026\u2026\u2026\u2026\u2026\u2026\u2026\u2026\u2026\u2026\u2026\u2026\u2026\u2026\u2026\u2026\u2026\u2026\u2026\u2026\u2026\u2026\u2026\u2026\u2026\u2026\u2026\u2026\u2026\u2026\u2026\u2026\u2026\u2026\u2026<br \/>\n\u2026\u2026\u2026\u2026\u2026\u2026\u2026\u2026\u2026\u2026\u2026\u2026\u2026\u2026\u2026\u2026\u2026\u2026\u2026\u2026\u2026\u2026\u2026\u2026\u2026\u2026\u2026\u2026\u2026\u2026\u2026\u2026\u2026\u2026\u2026\u2026\u2026\u2026\u2026\u2026\u2026\u2026\u2026\u2026\u2026\u2026<br \/>\n\u2013 Adres e-mail<br \/>\n\u2026\u2026\u2026\u2026\u2026\u2026\u2026\u2026\u2026\u2026\u2026\u2026\u2026\u2026\u2026\u2026\u2026\u2026\u2026\u2026\u2026\u2026\u2026\u2026\u2026\u2026\u2026\u2026\u2026\u2026\u2026\u2026\u2026\u2026\u2026\u2026\u2026\u2026\u2026\u2026\u2026\u2026\u2026\u2026\u2026\u2026<br \/>\n\u2013 Imi\u0119 i nazwisko opiekuna<br \/>\n\u2026\u2026\u2026\u2026\u2026\u2026\u2026\u2026\u2026\u2026\u2026\u2026\u2026\u2026\u2026\u2026\u2026\u2026\u2026\u2026\u2026\u2026\u2026\u2026\u2026\u2026\u2026\u2026\u2026\u2026\u2026\u2026\u2026\u2026\u2026\u2026\u2026\u2026\u2026\u2026\u2026\u2026\u2026\u2026\u2026\u2026<br \/>\n\u2013 Telefon kontaktowy<br \/>\n\u2026\u2026\u2026\u2026\u2026\u2026\u2026\u2026\u2026\u2026\u2026\u2026\u2026\u2026\u2026\u2026\u2026\u2026\u2026\u2026\u2026\u2026\u2026\u2026\u2026\u2026\u2026\u2026\u2026\u2026\u2026\u2026\u2026\u2026\u2026\u2026\u2026\u2026\u2026\u2026\u2026\u2026\u2026\u2026\u2026\u2026<br \/>\n\u2013 Wymagania techniczne<br \/>\n\u2026\u2026\u2026\u2026\u2026\u2026\u2026\u2026\u2026\u2026\u2026\u2026\u2026\u2026\u2026\u2026\u2026\u2026\u2026\u2026\u2026\u2026\u2026\u2026\u2026\u2026\u2026\u2026\u2026\u2026\u2026\u2026\u2026\u2026\u2026\u2026\u2026\u2026\u2026\u2026\u2026\u2026\u2026\u2026\u2026\u2026<br \/>\n\u2026\u2026\u2026\u2026\u2026\u2026\u2026\u2026\u2026\u2026\u2026\u2026\u2026\u2026\u2026\u2026\u2026\u2026\u2026\u2026\u2026\u2026\u2026\u2026\u2026\u2026\u2026\u2026\u2026\u2026\u2026\u2026\u2026\u2026\u2026\u2026\u2026\u2026\u2026\u2026\u2026\u2026\u2026\u2026\u2026\u2026<br \/>\n_____________________________________________________________________<br \/>\nTERMIN PRZYJMOWANIA ZG\u0141OSZE\u0143 UP\u0141YWA 13.11.2025r.<br \/>\nZGODA NA PRZETWARZANIE DANYCH I EWENTUALN\u0104 PUBLIKACJ\u0118 WIZERUNKU<br \/>\nWyra\u017cam zgod\u0119 na udzia\u0142 mojego dziecka w Konkursie Piosenki R\u00f3\u017cnej ( dalej Konkurs ) i zwi\u0105zane z tym przetwarzanie danych osobowych mojego dziecka oraz publikacj\u0119 danych osobowych i wizerunkowych promuj\u0105cych osi\u0105gni\u0119cia dziecka i pozytywny wizerunek Plac\u00f3wki oraz Powiatu Gorlickiego w materia\u0142ach dokumentuj\u0105cych imprez\u0119, w szczeg\u00f3lno\u015bci na stronie internetowej i fanpage\u2019u MDK i Powiatu Gorlickiego, a tak\u017ce na \u0142amach lokalnej telewizji i prasy, na podstawie art. 6 ust. lit. a og\u00f3lnego rozporz\u0105dzenia o ochronie danych osobowych (RODO).<br \/>\nJednocze\u015bnie o\u015bwiadczam, \u017ce :<br \/>\n1. zapozna\u0142am\/em si\u0119 z tre\u015bci\u0105 Regulaminu Konkursu Piosenki R\u00f3\u017cnej<br \/>\n2. zapozna\u0142am\/em si\u0119 z tre\u015bci\u0105 informacji o przetwarzaniu danych osobowych w MDK, w tym z informacj\u0105 o celu i sposobach przetwarzania danych osobowych oraz prawie dost\u0119pu do tre\u015bci danych i prawie ich poprawiania;<br \/>\n3. zosta\u0142am\/em poinformowana\/y, \u017ce zgoda mo\u017ce by\u0107 wycofana w ka\u017cdym czasie, ale cofni\u0119cie zgody nie wp\u0142ywa na zgodno\u015b\u0107 z prawem przetwarzania, kt\u00f3rego dokonano na podstawie tej zgody przed jej wycofaniem.<br \/>\nM\u0142odzie\u017cowy Dom Kultury w Gorlicach z siedzib\u0105 przy ul. Cichej 4 w Gorlicach, tel. 0 18 353 58 91, email: mdk@gorlice.net.pl o\u015bwiadcza, \u017ce nale\u017cycie chroni Twoje dane osobowe. Dane osobowe wykorzystywane s\u0105 wy\u0142\u0105cznie w celu uczestnictwa w Powiatowym Konkursie Piosenki R\u00f3\u017cnej oraz publikacji Twoich danych osobowych i wizerunkowych. Przys\u0142uguje Ci prawo wgl\u0105du w Twoje dane osobowe, ich sprostowania oraz uzupe\u0142nienia, prawo ograniczenia przetwarzania, prawo sprzeciwu wobec przetwarzania, prawo do usuni\u0119cia danych i prawo do przenoszenia danych, przy czym realizacj\u0119 niekt\u00f3rych uprawnie\u0144 mog\u0105 wy\u0142\u0105cza\u0107 inne przepisy. W celu skorzystania z ww. praw mo\u017cesz skontaktowa\u0107 si\u0119 z Administratorem, Inspektorem Ochrony Danych ( iod@powiatgorlicki.pl ), a w razie jego nieobecno\u015bci z Zast\u0119pc\u0105 Inspektora Ochrony Danych, korzystaj\u0105c ze wskazanych wy\u017cej danych kontaktowych. Szczeg\u00f3\u0142owe informacje w zakresie realizacji poszczeg\u00f3lnych praw mo\u017cna uzyska\u0107 na stronie internetowej plac\u00f3wki pod adresem www.mdk.gorlice.net.pl w zak\u0142adce RODO.<br \/>\n\u2026\u2026\u2026\u2026\u2026\u2026\u2026\u2026\u2026\u2026\u2026\u2026\u2026\u2026\u2026\u2026\u2026\u2026.. \u2026\u2026\u2026\u2026\u2026\u2026\u2026\u2026\u2026\u2026\u2026\u2026\u2026\u2026\u2026\u2026\u2026<br \/>\nmiejscowo\u015b\u0107, data podpis rodzica\/opiekuna prawnego<\/p>\n","protected":false},"excerpt":{"rendered":"<p>Jak co roku zapraszamy do wzi\u0119cia udzia\u0142u w naszym konkursie! Poni\u017cej zamieszczamy regulamin i kart\u0119 zg\u0142oszenia REGULAMIN POWIATOWEGO KONKURSU PIOSENKI R\u00d3\u017bNEJ 1.Organizator Konkursu : M\u0142odzie\u017cowy Dom Kultury w Gorlicach 2.Cel Konkursu: popularyzacja \u015bpiewania w\u015br\u00f3d dzieci i m\u0142odzie\u017cy, tw\u00f3rcza wymiana do\u015bwiadcze\u0144 muzycznych oraz wspieranie i promocja tw\u00f3rczo\u015bci artystycznej m\u0142odych wykonawc\u00f3w z terenu Powiatu Gorlickiego 3. Zasady [&hellip;]<\/p>\n","protected":false},"author":2,"featured_media":0,"comment_status":"closed","ping_status":"open","sticky":false,"template":"","format":"standard","meta":{"ngg_post_thumbnail":0},"categories":[1],"tags":[],"_links":{"self":[{"href":"https:\/\/mdk.gorlice.net.pl\/index.php?rest_route=\/wp\/v2\/posts\/3548"}],"collection":[{"href":"https:\/\/mdk.gorlice.net.pl\/index.php?rest_route=\/wp\/v2\/posts"}],"about":[{"href":"https:\/\/mdk.gorlice.net.pl\/index.php?rest_route=\/wp\/v2\/types\/post"}],"author":[{"embeddable":true,"href":"https:\/\/mdk.gorlice.net.pl\/index.php?rest_route=\/wp\/v2\/users\/2"}],"replies":[{"embeddable":true,"href":"https:\/\/mdk.gorlice.net.pl\/index.php?rest_route=%2Fwp%2Fv2%2Fcomments&post=3548"}],"version-history":[{"count":1,"href":"https:\/\/mdk.gorlice.net.pl\/index.php?rest_route=\/wp\/v2\/posts\/3548\/revisions"}],"predecessor-version":[{"id":3550,"href":"https:\/\/mdk.gorlice.net.pl\/index.php?rest_route=\/wp\/v2\/posts\/3548\/revisions\/3550"}],"wp:attachment":[{"href":"https:\/\/mdk.gorlice.net.pl\/index.php?rest_route=%2Fwp%2Fv2%2Fmedia&parent=3548"}],"wp:term":[{"taxonomy":"category","embeddable":true,"href":"https:\/\/mdk.gorlice.net.pl\/index.php?rest_route=%2Fwp%2Fv2%2Fcategories&post=3548"},{"taxonomy":"post_tag","embeddable":true,"href":"https:\/\/mdk.gorlice.net.pl\/index.php?rest_route=%2Fwp%2Fv2%2Ftags&post=3548"}],"curies":[{"name":"wp","href":"https:\/\/api.w.org\/{rel}","templated":true}]}}