{"id":3554,"date":"2025-11-03T06:53:00","date_gmt":"2025-11-03T06:53:00","guid":{"rendered":"https:\/\/mdk.gorlice.net.pl\/?p=3554"},"modified":"2025-11-03T06:53:00","modified_gmt":"2025-11-03T06:53:00","slug":"pracownia-plastyki-mlodziezowego-domu-kultury-w-gorlicach-zaprasza-do-udzialu-w-czwartku-z-maria-gabryel-ruzycka","status":"publish","type":"post","link":"https:\/\/mdk.gorlice.net.pl\/?p=3554","title":{"rendered":"Pracownia Plastyki M\u0142odzie\u017cowego Domu Kultury w Gorlicach zaprasza do udzia\u0142u w &#8220;Czwartku z&#8230; Mari\u0105 Gabryel- Ru\u017cyck\u0105&#8221;"},"content":{"rendered":"<p><a href=\"https:\/\/mdk.gorlice.net.pl\/wp-content\/uploads\/2025\/11\/MDK_czwartek_z_GABRYEL_RUZYCKA__06_11_2025_plakat.jpg\" rel=\"lightbox[3554]\"><img loading=\"lazy\" src=\"https:\/\/mdk.gorlice.net.pl\/wp-content\/uploads\/2025\/11\/MDK_czwartek_z_GABRYEL_RUZYCKA__06_11_2025_plakat-300x212.jpg\" alt=\"\" width=\"300\" height=\"212\" class=\"alignnone size-medium wp-image-3555\" srcset=\"https:\/\/mdk.gorlice.net.pl\/wp-content\/uploads\/2025\/11\/MDK_czwartek_z_GABRYEL_RUZYCKA__06_11_2025_plakat-300x212.jpg 300w, https:\/\/mdk.gorlice.net.pl\/wp-content\/uploads\/2025\/11\/MDK_czwartek_z_GABRYEL_RUZYCKA__06_11_2025_plakat-768x542.jpg 768w, https:\/\/mdk.gorlice.net.pl\/wp-content\/uploads\/2025\/11\/MDK_czwartek_z_GABRYEL_RUZYCKA__06_11_2025_plakat-700x494.jpg 700w, https:\/\/mdk.gorlice.net.pl\/wp-content\/uploads\/2025\/11\/MDK_czwartek_z_GABRYEL_RUZYCKA__06_11_2025_plakat.jpg 800w\" sizes=\"(max-width: 300px) 100vw, 300px\" \/><\/a>Pracownia Plastyki M\u0142odzie\u017cowego Domu Kultury w Gorlicach zaprasza do udzia\u0142u w &#8220;Czwartku z&#8230; Mari\u0105 Gabryel- Ru\u017cyck\u0105&#8221;.<br \/>\nW czwartek 6 listopada spotkamy si\u0119 na terenie Muzeum Dwory Karwacjan\u00f3w I G\u0142adysz\u00f3w gdzie obejrzymy wystaw\u0119, dokanamy<br \/>\nanalizy dzie\u0142, oraz wykonamy w\u0142asne malarskie I rysunkowe interpretacje tw\u00f3rczo\u015bci artystki.<br \/>\nW ramach rozpoczocz\u0119tego kilka lat temu cyklu akcji plastycznych poznali\u015bmy m.in. dorobek Juliusza Joniaka, Olgi Bozna\u0144skiej I Marca Chagalla.<\/p>\n","protected":false},"excerpt":{"rendered":"<p>Pracownia Plastyki M\u0142odzie\u017cowego Domu Kultury w Gorlicach zaprasza do udzia\u0142u w &#8220;Czwartku z&#8230; Mari\u0105 Gabryel- Ru\u017cyck\u0105&#8221;. W czwartek 6 listopada spotkamy si\u0119 na terenie Muzeum Dwory Karwacjan\u00f3w I G\u0142adysz\u00f3w gdzie obejrzymy wystaw\u0119, dokanamy analizy dzie\u0142, oraz wykonamy w\u0142asne malarskie I rysunkowe interpretacje tw\u00f3rczo\u015bci artystki. W ramach rozpoczocz\u0119tego kilka lat temu cyklu akcji plastycznych poznali\u015bmy m.in. [&hellip;]<\/p>\n","protected":false},"author":2,"featured_media":0,"comment_status":"closed","ping_status":"open","sticky":false,"template":"","format":"standard","meta":{"ngg_post_thumbnail":0},"categories":[1],"tags":[],"_links":{"self":[{"href":"https:\/\/mdk.gorlice.net.pl\/index.php?rest_route=\/wp\/v2\/posts\/3554"}],"collection":[{"href":"https:\/\/mdk.gorlice.net.pl\/index.php?rest_route=\/wp\/v2\/posts"}],"about":[{"href":"https:\/\/mdk.gorlice.net.pl\/index.php?rest_route=\/wp\/v2\/types\/post"}],"author":[{"embeddable":true,"href":"https:\/\/mdk.gorlice.net.pl\/index.php?rest_route=\/wp\/v2\/users\/2"}],"replies":[{"embeddable":true,"href":"https:\/\/mdk.gorlice.net.pl\/index.php?rest_route=%2Fwp%2Fv2%2Fcomments&post=3554"}],"version-history":[{"count":1,"href":"https:\/\/mdk.gorlice.net.pl\/index.php?rest_route=\/wp\/v2\/posts\/3554\/revisions"}],"predecessor-version":[{"id":3556,"href":"https:\/\/mdk.gorlice.net.pl\/index.php?rest_route=\/wp\/v2\/posts\/3554\/revisions\/3556"}],"wp:attachment":[{"href":"https:\/\/mdk.gorlice.net.pl\/index.php?rest_route=%2Fwp%2Fv2%2Fmedia&parent=3554"}],"wp:term":[{"taxonomy":"category","embeddable":true,"href":"https:\/\/mdk.gorlice.net.pl\/index.php?rest_route=%2Fwp%2Fv2%2Fcategories&post=3554"},{"taxonomy":"post_tag","embeddable":true,"href":"https:\/\/mdk.gorlice.net.pl\/index.php?rest_route=%2Fwp%2Fv2%2Ftags&post=3554"}],"curies":[{"name":"wp","href":"https:\/\/api.w.org\/{rel}","templated":true}]}}