{"id":3557,"date":"2025-11-06T08:18:25","date_gmt":"2025-11-06T08:18:25","guid":{"rendered":"https:\/\/mdk.gorlice.net.pl\/?p=3557"},"modified":"2025-11-06T08:18:25","modified_gmt":"2025-11-06T08:18:25","slug":"i-powiatowy-konkurs-plastyczny-lesne-opowiesci-rozstrzygniety","status":"publish","type":"post","link":"https:\/\/mdk.gorlice.net.pl\/?p=3557","title":{"rendered":"I POWIATOWY KONKURS PLASTYCZNY ,,LE\u015aNE OPOWIE\u015aCI\u201d ROZSTRZYGNI\u0118TY!"},"content":{"rendered":"<p><a href=\"https:\/\/mdk.gorlice.net.pl\/wp-content\/uploads\/2025\/09\/550444917_1358347162401793_6491723091543393198_n.jpg\" rel=\"lightbox[3557]\"><img loading=\"lazy\" src=\"https:\/\/mdk.gorlice.net.pl\/wp-content\/uploads\/2025\/09\/550444917_1358347162401793_6491723091543393198_n-212x300.jpg\" alt=\"\" width=\"212\" height=\"300\" class=\"alignnone size-medium wp-image-3536\" srcset=\"https:\/\/mdk.gorlice.net.pl\/wp-content\/uploads\/2025\/09\/550444917_1358347162401793_6491723091543393198_n-212x300.jpg 212w, https:\/\/mdk.gorlice.net.pl\/wp-content\/uploads\/2025\/09\/550444917_1358347162401793_6491723091543393198_n.jpg 424w\" sizes=\"(max-width: 212px) 100vw, 212px\" \/><\/a>I POWIATOWY KONKURS PLASTYCZNY ,,LE\u015aNE OPOWIE\u015aCI\u201d ROZSTRZYGNI\u0118TY!<br \/>\nPoni\u017cej zamieszczamy wyniki I POWIATOWEGO KONKURSU PLASTYCZNEGO ,,LE\u015aNE OPOWIE\u015aCI\u201d.<br \/>\nTermin uroczystego podsumowania konkursu zostanie opublikowany na naszych stronach, a laureaci zostan\u0105 bezpo\u015brednio poinformowani na podstawie danych wpisanych do kart zg\u0142osze\u0144. Serdecznie gratulujemy!<\/p>\n<p>I POWIATOWY KONKURS PLASTYCZNY ,,LE\u015aNE OPOWIE\u015aCI\u201d POD HONOROWYM PATRONATEM<br \/>\nSTAROSTY POWIATU GORLICKIEGO<\/p>\n<p>PROTOK\u00d3\u0141<\/p>\n<p>Dnia 3.11.2025r. komisja w sk\u0142adzie: przewodnicz\u0105cy: Danuta S\u0142y\u015b- Tohl-artysta plastyk,<br \/>\nJ\u00f3zefina Piotrowska-Szukalska -artysta plastyk oraz Joanna Zawadowicz- Miko\u0142ajczyk-artysta plastyk,<br \/>\nPo wnikliwej analizie 255 prac, postanowi\u0142a przyzna\u0107: 21 nagr\u00f3d oraz 19 wyr\u00f3\u017cnie\u0144.<\/p>\n<p>Kategoria wiekowa I\/ klasy I-III<\/p>\n<p>NAGRODY:<br \/>\nOlga Pos\u0142uszny &#8211; Miejski Zesp\u00f3\u0142 Szk\u00f3\u0142 nr 1 w Gorlicach, opiekun: Anita Hajduk<br \/>\nZuzanna Lewi\u0144ska &#8211; Miejski Zesp\u00f3\u0142 Szk\u00f3\u0142 nr 5 w Gorlicach, opiekun Agata Lewi\u0144ska<br \/>\nNikodem Gryzik &#8211; Szko\u0142a Podstawowa w Szalowej, opiekun: Lucyna Jamer- Ksi\u0105\u017ckiewicz<br \/>\nBogus\u0142aw Kucharski &#8211; Miejski Zesp\u00f3\u0142 Szk\u00f3\u0142 nr 1 w Gorlicach, opiekun: Anita Hajduk<br \/>\nAgnieszka Topolska &#8211; Miejski Zesp\u00f3\u0142 Szk\u00f3\u0142 nr 1 w Gorlicach opiekun Joanna Sarnowska<br \/>\nMarcelina \u015aliwa &#8211; Miejski Zesp\u00f3\u0142 Szk\u00f3\u0142 nr 1 w Gorlicach, opiekun: Renata Fory\u015b<br \/>\nDagmara M\u0119\u017cykowska &#8211; Miejski Zesp\u00f3\u0142 Szk\u00f3\u0142 nr 1 w Gorlicach, opiekun Joanna Sarnowska<br \/>\nOliwia Tenerowicz &#8211; Miejski Zesp\u00f3\u0142 Szk\u00f3\u0142 nr 1 w Gorlicach, opiekun Joanna Sarnowska<br \/>\nNikola Seku\u0142a &#8211; Miejski Zesp\u00f3\u0142 Szk\u00f3\u0142 nr 1 w Gorlicach, opiekun Joanna Sarnowska<br \/>\nKacper G\u00f3rski &#8211; Miejski Zesp\u00f3\u0142 Szk\u00f3\u0142 nr 1 w Gorlicach, opiekun: Izabela Krupa<br \/>\nAntoni Mr\u00f3z &#8211; Miejski Zesp\u00f3\u0142 Szk\u00f3\u0142 nr 1 w Gorlicach, opiekun: Renata Fory\u015b<br \/>\nLena Skiba &#8211; Miejski Zesp\u00f3\u0142 Szk\u00f3\u0142 nr 1 w Gorlicach, opiekun: Renata Fory\u015b<br \/>\nSandra Klimkowicz &#8211; Miejski Zesp\u00f3\u0142 Szk\u00f3\u0142 nr 1 w Gorlicach, opiekun: Renata Fory\u015b<\/p>\n<p>WYR\u00d3\u017bNIENIA:<br \/>\nEliza Zarabska &#8211; Miejski Zesp\u00f3\u0142 Szk\u00f3\u0142 nr 5 w Gorlicach<br \/>\nHanna Tajak &#8211; Miejski Zesp\u00f3\u0142 Szk\u00f3\u0142 nr 1 w Gorlicach, opiekun: Renata Fory\u015b<br \/>\nAntoni D\u0142ugosz &#8211; Miejski Zesp\u00f3\u0142 Szk\u00f3\u0142 nr 4 w Gorlicach, opiekun: Klaudia D\u0142ugosz<br \/>\nBart\u0142omiej Bro\u0144ski &#8211; Miejski Zesp\u00f3\u0142 Szk\u00f3\u0142 nr 1 w Gorlicach, opiekun: Izabela Krupa<br \/>\nJadwiga Laskowska &#8211; Zesp\u00f3\u0142 Szk\u00f3\u0142 w U\u015bciu Gorlickim, opiekun: Maria Lewandowska<br \/>\nLiliana Juru\u015b &#8211; Miejski Zesp\u00f3\u0142 Szk\u00f3\u0142 nr 1 w Gorlicach, opiekun: Agata Jamro<br \/>\nDobrawa Kosi\u0144ska &#8211; Miejski Zesp\u00f3\u0142 Szk\u00f3\u0142 nr 1 w Gorlicach, opiekun: Renata Fory\u015b<br \/>\nAmelia Broda &#8211; Miejski Zesp\u00f3\u0142 Szk\u00f3\u0142 nr 1 w Gorlicach opiekun Joanna Sarnowska<br \/>\nMaja Dziedzic &#8211; Szko\u0142a Podstawowa w Szalowej, opiekun: Lucyna Jamer- Ksi\u0105\u017ckiewicz<br \/>\nPatrycja Tenerowicz &#8211; Miejski Zesp\u00f3\u0142 Szk\u00f3\u0142 nr 1 w Gorlicach opiekun: Renata Fory\u015b<br \/>\nWiktor Mirek &#8211; Szko\u0142a Podstawowa w Szalowej, opiekun: Lucyna Jamer- Ksi\u0105\u017ckiewicz<br \/>\nZuzanna Chrypliwy &#8211; Miejski Zesp\u00f3\u0142 Szk\u00f3\u0142 nr 1 w Gorlicach, opiekun Joanna Sarnowska<br \/>\nNikodem Gryzik &#8211; Szko\u0142a Podstawowa w Szalowej, opiekun: Lucyna Jamer- Ksi\u0105\u017ckiewicz<\/p>\n<p>Kategoria wiekowa II \/ klasy IV \u2013 VI<\/p>\n<p>NAGRODY:<br \/>\nSolomiya Shmyrko \u2013 Miejski Zesp\u00f3\u0142 Szk\u00f3\u0142 nr 4 w Gorlicach<br \/>\nMarlena Pierz &#8211; Miejski Zesp\u00f3\u0142 Szk\u00f3\u0142 nr 4 w Gorlicach<br \/>\nAntoni Kwiatkowski \u2013 Gminny O\u015brodek Kultury w \u0141u\u017cnej, opiekun: Lucyna Jamer- Ksi\u0105\u017ckiewicz<br \/>\nAdam Barzyk &#8211; Szko\u0142a Podstawowa w Dominikowicach<br \/>\nZuzanna Tumidajska &#8211; Szko\u0142a Podstawowa w Bobowej<\/p>\n<p>WYR\u00d3\u017bNIENIA:<br \/>\nPatrycja Politowicz &#8211; Szko\u0142a Podstawowa w Dominikowicach, opiekun: Zofia Marsza\u0142ek<br \/>\nKamil Tubek &#8211; Szko\u0142a Podstawowa w Bobowej, opiekun: Aleksandra Soko\u0142owska<br \/>\nJagoda Chmura &#8211; Szko\u0142a Podstawowa w Bobowej, opiekun: Aleksandra Soko\u0142owska<br \/>\nMagdalena Karp &#8211; Szko\u0142a Podstawowa w Dominikowicach, opiekun: Zofia Marsza\u0142ek<\/p>\n<p>Kategoria wiekowa III \/ klasy VII \u2013 VIII<\/p>\n<p>NAGRODY:<br \/>\nMilena Wiejaczka &#8211; Szko\u0142a Podstawowa w Bobowej, opiekun: Aleksandra Soko\u0142owska<br \/>\nMaja Rybczyk &#8211; Szko\u0142a Podstawowa w Dominikowicach, opiekun: Zofia Marsza\u0142ek<\/p>\n<p>WYR\u00d3\u017bNIENIA:<br \/>\nNikola R\u00f3wi\u0144ska &#8211; Szko\u0142a Podstawowa w Szymbarku, opiekun Anna Maria Januszewska<br \/>\nMichalina Honek &#8211; Zesp\u00f3\u0142 Szkolno \u2013 Przedszkolny w Str\u00f3\u017c\u00f3wce, opiekun: Anna Siarkowicz<\/p>\n<p>Kategoria wiekowa IV \/ szko\u0142y ponadpodstawowe<\/p>\n<p>NAGRODA:<br \/>\nWiktoria J\u0119drusiak &#8211; Zesp\u00f3\u0142 Szk\u00f3\u0142 Technicznych im.Wincentego Pola w Gorlicach,<br \/>\nOpiekun: Barbara \u015awierzowska<\/p>\n<p>Decyzja komisji jest ostateczna. Na tym protok\u00f3\u0142 zako\u0144czono.<\/p>\n<p>Komisja:<\/p>\n<p>Przewodnicz\u0105ca: Danuta S\u0142y\u015b-Tohl<\/p>\n<p>J\u00f3zefina Piotrowska- Szukalska<\/p>\n<p>Joanna Zawadowicz- Miko\u0142ajczyk<\/p>\n<p>Komisja dzi\u0119kuj\u0119 uczniom i nauczycielom za wyj\u0105tkowe zaanga\u017cowanie i zg\u0142oszenie do udzia\u0142u w konkursie r\u00f3\u017cnorodnych prac charakteryzuj\u0105cych si\u0119 wysokim poziomem artystycznym.<br \/>\nWszystkim uczestnikom \u017cyczymy wielu sukces\u00f3w, a laureatom sk\u0142adamy serdeczne gratulacje.<\/p>\n<p>_________________________________________________________________<br \/>\nM\u0142odzie\u017cowy Dom Kultury, ul. Cicha 4, 38-300 Gorlice, 18-353-58-91, mdk@gorlice.net.pl<\/p>\n","protected":false},"excerpt":{"rendered":"<p>I POWIATOWY KONKURS PLASTYCZNY ,,LE\u015aNE OPOWIE\u015aCI\u201d ROZSTRZYGNI\u0118TY! Poni\u017cej zamieszczamy wyniki I POWIATOWEGO KONKURSU PLASTYCZNEGO ,,LE\u015aNE OPOWIE\u015aCI\u201d. Termin uroczystego podsumowania konkursu zostanie opublikowany na naszych stronach, a laureaci zostan\u0105 bezpo\u015brednio poinformowani na podstawie danych wpisanych do kart zg\u0142osze\u0144. Serdecznie gratulujemy! I POWIATOWY KONKURS PLASTYCZNY ,,LE\u015aNE OPOWIE\u015aCI\u201d POD HONOROWYM PATRONATEM STAROSTY POWIATU GORLICKIEGO PROTOK\u00d3\u0141 Dnia 3.11.2025r. komisja [&hellip;]<\/p>\n","protected":false},"author":2,"featured_media":0,"comment_status":"closed","ping_status":"open","sticky":false,"template":"","format":"standard","meta":{"ngg_post_thumbnail":0},"categories":[1],"tags":[],"_links":{"self":[{"href":"https:\/\/mdk.gorlice.net.pl\/index.php?rest_route=\/wp\/v2\/posts\/3557"}],"collection":[{"href":"https:\/\/mdk.gorlice.net.pl\/index.php?rest_route=\/wp\/v2\/posts"}],"about":[{"href":"https:\/\/mdk.gorlice.net.pl\/index.php?rest_route=\/wp\/v2\/types\/post"}],"author":[{"embeddable":true,"href":"https:\/\/mdk.gorlice.net.pl\/index.php?rest_route=\/wp\/v2\/users\/2"}],"replies":[{"embeddable":true,"href":"https:\/\/mdk.gorlice.net.pl\/index.php?rest_route=%2Fwp%2Fv2%2Fcomments&post=3557"}],"version-history":[{"count":1,"href":"https:\/\/mdk.gorlice.net.pl\/index.php?rest_route=\/wp\/v2\/posts\/3557\/revisions"}],"predecessor-version":[{"id":3558,"href":"https:\/\/mdk.gorlice.net.pl\/index.php?rest_route=\/wp\/v2\/posts\/3557\/revisions\/3558"}],"wp:attachment":[{"href":"https:\/\/mdk.gorlice.net.pl\/index.php?rest_route=%2Fwp%2Fv2%2Fmedia&parent=3557"}],"wp:term":[{"taxonomy":"category","embeddable":true,"href":"https:\/\/mdk.gorlice.net.pl\/index.php?rest_route=%2Fwp%2Fv2%2Fcategories&post=3557"},{"taxonomy":"post_tag","embeddable":true,"href":"https:\/\/mdk.gorlice.net.pl\/index.php?rest_route=%2Fwp%2Fv2%2Ftags&post=3557"}],"curies":[{"name":"wp","href":"https:\/\/api.w.org\/{rel}","templated":true}]}}