{"id":3563,"date":"2025-12-01T14:07:54","date_gmt":"2025-12-01T14:07:54","guid":{"rendered":"https:\/\/mdk.gorlice.net.pl\/?p=3563"},"modified":"2025-12-01T14:11:35","modified_gmt":"2025-12-01T14:11:35","slug":"koncert-andrzeja-sikorowskiego","status":"publish","type":"post","link":"https:\/\/mdk.gorlice.net.pl\/?p=3563","title":{"rendered":"Koncert Andrzeja Sikorowskiego"},"content":{"rendered":"<p><a href=\"https:\/\/mdk.gorlice.net.pl\/wp-content\/uploads\/2025\/12\/MDK_XXX_BITWA__Andrzej_SIKOROWSKI_06_12_2025_plakat.jpg\" rel=\"lightbox[3563]\"><img loading=\"lazy\" src=\"https:\/\/mdk.gorlice.net.pl\/wp-content\/uploads\/2025\/12\/MDK_XXX_BITWA__Andrzej_SIKOROWSKI_06_12_2025_plakat-212x300.jpg\" alt=\"\" width=\"212\" height=\"300\" class=\"alignnone size-medium wp-image-3564\" srcset=\"https:\/\/mdk.gorlice.net.pl\/wp-content\/uploads\/2025\/12\/MDK_XXX_BITWA__Andrzej_SIKOROWSKI_06_12_2025_plakat-212x300.jpg 212w, https:\/\/mdk.gorlice.net.pl\/wp-content\/uploads\/2025\/12\/MDK_XXX_BITWA__Andrzej_SIKOROWSKI_06_12_2025_plakat.jpg 424w\" sizes=\"(max-width: 212px) 100vw, 212px\" \/><\/a>Starostwo Powiatowe w Gorlicach i M\u0142odzie\u017cowy Dom Kultury w Gorlicach po raz kolejny s\u0105 organizatorami Poetycko Muzycznej Bitwy pod Gorlicami. W tym roku w ramach tradycyjnego &#8220;\u015bwi\u0119ta&#8221; piosenki literackiej w Gorlicach zaprosili\u015bmy na recital Pana Andrzeja Sikorowskiego, kt\u00f3remu towarzyszy\u0142 b\u0119dzie na gitarze Jacek Kr\u00f3lik. Wydarzenie b\u0119dzie mia\u0142o miejsce w Zespole Pa\u0144stwowych Szk\u00f3\u0142 Muzycznych w Gorlicach w dniu 6 grudnia 2025r. Z przykro\u015bci\u0105 informujemy, \u017ce wszystkie wej\u015bci\u00f3wki na koncert zosta\u0142y rozdane. <\/p>\n","protected":false},"excerpt":{"rendered":"<p>Starostwo Powiatowe w Gorlicach i M\u0142odzie\u017cowy Dom Kultury w Gorlicach po raz kolejny s\u0105 organizatorami Poetycko Muzycznej Bitwy pod Gorlicami. W tym roku w ramach tradycyjnego &#8220;\u015bwi\u0119ta&#8221; piosenki literackiej w Gorlicach zaprosili\u015bmy na recital Pana Andrzeja Sikorowskiego, kt\u00f3remu towarzyszy\u0142 b\u0119dzie na gitarze Jacek Kr\u00f3lik. Wydarzenie b\u0119dzie mia\u0142o miejsce w Zespole Pa\u0144stwowych Szk\u00f3\u0142 Muzycznych w Gorlicach [&hellip;]<\/p>\n","protected":false},"author":2,"featured_media":0,"comment_status":"closed","ping_status":"open","sticky":false,"template":"","format":"standard","meta":{"ngg_post_thumbnail":0},"categories":[1],"tags":[],"_links":{"self":[{"href":"https:\/\/mdk.gorlice.net.pl\/index.php?rest_route=\/wp\/v2\/posts\/3563"}],"collection":[{"href":"https:\/\/mdk.gorlice.net.pl\/index.php?rest_route=\/wp\/v2\/posts"}],"about":[{"href":"https:\/\/mdk.gorlice.net.pl\/index.php?rest_route=\/wp\/v2\/types\/post"}],"author":[{"embeddable":true,"href":"https:\/\/mdk.gorlice.net.pl\/index.php?rest_route=\/wp\/v2\/users\/2"}],"replies":[{"embeddable":true,"href":"https:\/\/mdk.gorlice.net.pl\/index.php?rest_route=%2Fwp%2Fv2%2Fcomments&post=3563"}],"version-history":[{"count":2,"href":"https:\/\/mdk.gorlice.net.pl\/index.php?rest_route=\/wp\/v2\/posts\/3563\/revisions"}],"predecessor-version":[{"id":3566,"href":"https:\/\/mdk.gorlice.net.pl\/index.php?rest_route=\/wp\/v2\/posts\/3563\/revisions\/3566"}],"wp:attachment":[{"href":"https:\/\/mdk.gorlice.net.pl\/index.php?rest_route=%2Fwp%2Fv2%2Fmedia&parent=3563"}],"wp:term":[{"taxonomy":"category","embeddable":true,"href":"https:\/\/mdk.gorlice.net.pl\/index.php?rest_route=%2Fwp%2Fv2%2Fcategories&post=3563"},{"taxonomy":"post_tag","embeddable":true,"href":"https:\/\/mdk.gorlice.net.pl\/index.php?rest_route=%2Fwp%2Fv2%2Ftags&post=3563"}],"curies":[{"name":"wp","href":"https:\/\/api.w.org\/{rel}","templated":true}]}}