{"id":3572,"date":"2025-12-29T18:45:38","date_gmt":"2025-12-29T18:45:38","guid":{"rendered":"https:\/\/mdk.gorlice.net.pl\/?p=3572"},"modified":"2025-12-29T18:46:57","modified_gmt":"2025-12-29T18:46:57","slug":"zapraszamy-na-koncert-studia-wokalnego-mdk-2","status":"publish","type":"post","link":"https:\/\/mdk.gorlice.net.pl\/?p=3572","title":{"rendered":"Zapraszamy na koncert studia wokalnego MDK"},"content":{"rendered":"<p><a href=\"https:\/\/mdk.gorlice.net.pl\/wp-content\/uploads\/2025\/12\/MDK_koncert_DISCO_z_SZAFY_01_2026_plakat.jpg\" rel=\"lightbox[3572]\"><img loading=\"lazy\" src=\"https:\/\/mdk.gorlice.net.pl\/wp-content\/uploads\/2025\/12\/MDK_koncert_DISCO_z_SZAFY_01_2026_plakat-212x300.jpg\" alt=\"\" width=\"212\" height=\"300\" class=\"alignnone size-medium wp-image-3573\" srcset=\"https:\/\/mdk.gorlice.net.pl\/wp-content\/uploads\/2025\/12\/MDK_koncert_DISCO_z_SZAFY_01_2026_plakat-212x300.jpg 212w, https:\/\/mdk.gorlice.net.pl\/wp-content\/uploads\/2025\/12\/MDK_koncert_DISCO_z_SZAFY_01_2026_plakat.jpg 424w\" sizes=\"(max-width: 212px) 100vw, 212px\" \/><\/a>Starostwo Powiatowe w Gorlicach i M\u0142odzie\u017cowy Dom Kultury w Gorlicach zaprasza na koncert pt. \u201eDisco z szafy\u201d. Jak sugeruje tytu\u0142 koncertu piosenki zaprezentowane przez m\u0142odych wokalist\u00f3w ze studia wokalnego MDK przypomn\u0105 s\u0142uchaczom stare nie\u015bmiertelne przeboje dyskotekowe z ubieg\u0142ego wieku, kt\u00f3rych cz\u0119sto mo\u017cna by\u0142o pos\u0142ucha\u0107 z tak zwanych graj\u0105cych szaf. Zestaw utwor\u00f3w gwarantuje wspania\u0142\u0105 zabaw\u0119 gdy\u017c kilkana\u015bcie prezentowanych utwor\u00f3w to hity, kt\u00f3re znaj\u0105 wszyscy.<br \/>\nKoncert odb\u0119dzie si\u0119 11.01.2026 (niedziela) o godzinie 17.30 w sali widowiskowej MDK w Gorlicach ( ul. Cicha 4).<br \/>\nPrzed Pa\u0144stwem wyst\u0105pi\u0105: PATRYCJA KOPACZ, MARTYNA GODEK, OLIWIA DAJEK, MAJA PISZCZEK, KLAUDIA MYSZKOWSKA, GABRYSIA RUWI\u0143SKA, SYLWIA \u015aWIERZ,  MICHA\u0141 ROTKO, MONIKA PISZCZEK, ALEKSANDRA PRZYBY\u0141OWICZ, OLA RYNDAK<br \/>\nTowarzyszy\u0107 wokalistom b\u0119d\u0105 Miros\u0142aw Bogo\u0144, Tomasz Kubala, Piotr Przyrowski, Rafa\u0142 Belczyk, Marek Czarnota.<\/p>\n<p>Serdecznie zapraszamy!!! Wst\u0119p wolne datki.<\/p>\n","protected":false},"excerpt":{"rendered":"<p>Starostwo Powiatowe w Gorlicach i M\u0142odzie\u017cowy Dom Kultury w Gorlicach zaprasza na koncert pt. \u201eDisco z szafy\u201d. Jak sugeruje tytu\u0142 koncertu piosenki zaprezentowane przez m\u0142odych wokalist\u00f3w ze studia wokalnego MDK przypomn\u0105 s\u0142uchaczom stare nie\u015bmiertelne przeboje dyskotekowe z ubieg\u0142ego wieku, kt\u00f3rych cz\u0119sto mo\u017cna by\u0142o pos\u0142ucha\u0107 z tak zwanych graj\u0105cych szaf. Zestaw utwor\u00f3w gwarantuje wspania\u0142\u0105 zabaw\u0119 gdy\u017c [&hellip;]<\/p>\n","protected":false},"author":2,"featured_media":0,"comment_status":"closed","ping_status":"open","sticky":false,"template":"","format":"standard","meta":{"ngg_post_thumbnail":0},"categories":[1],"tags":[],"_links":{"self":[{"href":"https:\/\/mdk.gorlice.net.pl\/index.php?rest_route=\/wp\/v2\/posts\/3572"}],"collection":[{"href":"https:\/\/mdk.gorlice.net.pl\/index.php?rest_route=\/wp\/v2\/posts"}],"about":[{"href":"https:\/\/mdk.gorlice.net.pl\/index.php?rest_route=\/wp\/v2\/types\/post"}],"author":[{"embeddable":true,"href":"https:\/\/mdk.gorlice.net.pl\/index.php?rest_route=\/wp\/v2\/users\/2"}],"replies":[{"embeddable":true,"href":"https:\/\/mdk.gorlice.net.pl\/index.php?rest_route=%2Fwp%2Fv2%2Fcomments&post=3572"}],"version-history":[{"count":2,"href":"https:\/\/mdk.gorlice.net.pl\/index.php?rest_route=\/wp\/v2\/posts\/3572\/revisions"}],"predecessor-version":[{"id":3575,"href":"https:\/\/mdk.gorlice.net.pl\/index.php?rest_route=\/wp\/v2\/posts\/3572\/revisions\/3575"}],"wp:attachment":[{"href":"https:\/\/mdk.gorlice.net.pl\/index.php?rest_route=%2Fwp%2Fv2%2Fmedia&parent=3572"}],"wp:term":[{"taxonomy":"category","embeddable":true,"href":"https:\/\/mdk.gorlice.net.pl\/index.php?rest_route=%2Fwp%2Fv2%2Fcategories&post=3572"},{"taxonomy":"post_tag","embeddable":true,"href":"https:\/\/mdk.gorlice.net.pl\/index.php?rest_route=%2Fwp%2Fv2%2Ftags&post=3572"}],"curies":[{"name":"wp","href":"https:\/\/api.w.org\/{rel}","templated":true}]}}