{"id":3577,"date":"2026-01-22T13:27:12","date_gmt":"2026-01-22T13:27:12","guid":{"rendered":"https:\/\/mdk.gorlice.net.pl\/?p=3577"},"modified":"2026-01-22T13:27:55","modified_gmt":"2026-01-22T13:27:55","slug":"audycja-muzyczna-w-mdk","status":"publish","type":"post","link":"https:\/\/mdk.gorlice.net.pl\/?p=3577","title":{"rendered":"Audycja muzyczna w MDK"},"content":{"rendered":"<p><a href=\"https:\/\/mdk.gorlice.net.pl\/wp-content\/uploads\/2026\/01\/MDK_MUZYCZNA_AUDYCJA_wychowankowie-MDK__27_01_2026__plakat_A3_poziom.jpg\" rel=\"lightbox[3577]\"><img loading=\"lazy\" src=\"https:\/\/mdk.gorlice.net.pl\/wp-content\/uploads\/2026\/01\/MDK_MUZYCZNA_AUDYCJA_wychowankowie-MDK__27_01_2026__plakat_A3_poziom-300x212.jpg\" alt=\"\" width=\"300\" height=\"212\" class=\"alignnone size-medium wp-image-3578\" srcset=\"https:\/\/mdk.gorlice.net.pl\/wp-content\/uploads\/2026\/01\/MDK_MUZYCZNA_AUDYCJA_wychowankowie-MDK__27_01_2026__plakat_A3_poziom-300x212.jpg 300w, https:\/\/mdk.gorlice.net.pl\/wp-content\/uploads\/2026\/01\/MDK_MUZYCZNA_AUDYCJA_wychowankowie-MDK__27_01_2026__plakat_A3_poziom-768x542.jpg 768w, https:\/\/mdk.gorlice.net.pl\/wp-content\/uploads\/2026\/01\/MDK_MUZYCZNA_AUDYCJA_wychowankowie-MDK__27_01_2026__plakat_A3_poziom-700x494.jpg 700w, https:\/\/mdk.gorlice.net.pl\/wp-content\/uploads\/2026\/01\/MDK_MUZYCZNA_AUDYCJA_wychowankowie-MDK__27_01_2026__plakat_A3_poziom.jpg 800w\" sizes=\"(max-width: 300px) 100vw, 300px\" \/><\/a>27 stycznia w auli MDK w Gorlicach odb\u0119dzie si\u0119 audycja w wykonaniu wychowank\u00f3w pracowni muzycznych prowadzonych przez Pani\u0105 Agat\u0119 Masztafiak, Miros\u0142awa Bogonia i Tomasza Kubala. Zapraszamy wszystkich zainteresowanych tym wydarzeniem na godzin\u0119 17.00. <\/p>\n","protected":false},"excerpt":{"rendered":"<p>27 stycznia w auli MDK w Gorlicach odb\u0119dzie si\u0119 audycja w wykonaniu wychowank\u00f3w pracowni muzycznych prowadzonych przez Pani\u0105 Agat\u0119 Masztafiak, Miros\u0142awa Bogonia i Tomasza Kubala. Zapraszamy wszystkich zainteresowanych tym wydarzeniem na godzin\u0119 17.00.<\/p>\n","protected":false},"author":2,"featured_media":0,"comment_status":"closed","ping_status":"open","sticky":false,"template":"","format":"standard","meta":{"ngg_post_thumbnail":0},"categories":[1],"tags":[],"_links":{"self":[{"href":"https:\/\/mdk.gorlice.net.pl\/index.php?rest_route=\/wp\/v2\/posts\/3577"}],"collection":[{"href":"https:\/\/mdk.gorlice.net.pl\/index.php?rest_route=\/wp\/v2\/posts"}],"about":[{"href":"https:\/\/mdk.gorlice.net.pl\/index.php?rest_route=\/wp\/v2\/types\/post"}],"author":[{"embeddable":true,"href":"https:\/\/mdk.gorlice.net.pl\/index.php?rest_route=\/wp\/v2\/users\/2"}],"replies":[{"embeddable":true,"href":"https:\/\/mdk.gorlice.net.pl\/index.php?rest_route=%2Fwp%2Fv2%2Fcomments&post=3577"}],"version-history":[{"count":2,"href":"https:\/\/mdk.gorlice.net.pl\/index.php?rest_route=\/wp\/v2\/posts\/3577\/revisions"}],"predecessor-version":[{"id":3580,"href":"https:\/\/mdk.gorlice.net.pl\/index.php?rest_route=\/wp\/v2\/posts\/3577\/revisions\/3580"}],"wp:attachment":[{"href":"https:\/\/mdk.gorlice.net.pl\/index.php?rest_route=%2Fwp%2Fv2%2Fmedia&parent=3577"}],"wp:term":[{"taxonomy":"category","embeddable":true,"href":"https:\/\/mdk.gorlice.net.pl\/index.php?rest_route=%2Fwp%2Fv2%2Fcategories&post=3577"},{"taxonomy":"post_tag","embeddable":true,"href":"https:\/\/mdk.gorlice.net.pl\/index.php?rest_route=%2Fwp%2Fv2%2Ftags&post=3577"}],"curies":[{"name":"wp","href":"https:\/\/api.w.org\/{rel}","templated":true}]}}