{"id":3581,"date":"2026-01-26T13:41:41","date_gmt":"2026-01-26T13:41:41","guid":{"rendered":"https:\/\/mdk.gorlice.net.pl\/?p=3581"},"modified":"2026-01-26T13:49:54","modified_gmt":"2026-01-26T13:49:54","slug":"3581","status":"publish","type":"post","link":"https:\/\/mdk.gorlice.net.pl\/?p=3581","title":{"rendered":""},"content":{"rendered":"<p><a href=\"https:\/\/mdk.gorlice.net.pl\/wp-content\/uploads\/2026\/01\/ferie-zimowe-4.jpg\" rel=\"lightbox[3581]\"><img loading=\"lazy\" src=\"https:\/\/mdk.gorlice.net.pl\/wp-content\/uploads\/2026\/01\/ferie-zimowe-4-300x134.jpg\" alt=\"\" width=\"300\" height=\"134\" class=\"alignnone size-medium wp-image-3582\" srcset=\"https:\/\/mdk.gorlice.net.pl\/wp-content\/uploads\/2026\/01\/ferie-zimowe-4-300x134.jpg 300w, https:\/\/mdk.gorlice.net.pl\/wp-content\/uploads\/2026\/01\/ferie-zimowe-4-768x343.jpg 768w, https:\/\/mdk.gorlice.net.pl\/wp-content\/uploads\/2026\/01\/ferie-zimowe-4-700x312.jpg 700w, https:\/\/mdk.gorlice.net.pl\/wp-content\/uploads\/2026\/01\/ferie-zimowe-4.jpg 800w\" sizes=\"(max-width: 300px) 100vw, 300px\" \/><\/a>Serdecznie zapraszamy na zaj\u0119cia feryjne do MDK !!!<br \/>\nPoni\u017cej zamieszczamy rozk\u0142ad dy\u017cur\u00f3w nauczycieli.<\/p>\n<p>ROZK\u0141AD  ZAJ\u0118\u0106  FERYJNYCH 2025\/2026<br \/>\nw  M\u0141ODZIE\u017bOWYM  DOMU  KULTURY w GORLICACH<\/p>\n<p>MUZYKA<\/p>\n<p>TOMASZ KUBALA:<\/p>\n<p>02.02.pn.                                     17.00 \u2013 18.30       zesp\u00f3\u0142 gitarowy <\/p>\n<p>03.02.wt..                                    16.00 \u2013 19.00       studio wokalne<br \/>\n                                                                                 (wyj\u015bcie na kr\u0119gle)<\/p>\n<p>II tydzie\u0144 urlop wypoczynkowy<\/p>\n<p>MIROS\u0141AW BOGO\u0143<\/p>\n<p>03.02.wt..                                    16.00 \u2013 19.00       studio wokalne<br \/>\n                                                                                 (wyj\u015bcie na kr\u0119gle)<\/p>\n<p>06.02.pt.                                      15.30 \u2013 17.00       zesp\u00f3\u0142 wokalny  RUCZAJ<\/p>\n<p>10.02.wt.                                     16.00 \u2013 19.00       praca w studiu nagra\u0144<\/p>\n<p>13.02.pt.                                      15.30 \u2013 17.00       zesp\u00f3\u0142 wokalny  RUCZAJ<\/p>\n<p>AGATA MASZTAFIAK:<\/p>\n<p>03.02.wt.\t\t\t        10.00-14.30         wyjazd do kina Helios Nowy S\u0105cz<\/p>\n<p>04.02.\u015br                                       11.00 \u2013 13.15     grupa instrument\u00f3w klawiszowych\u201d 0\u201d\t\t\t                    13.15-15.30       grupa instrument\u00f3w klawiszowych\u201d I\u201d<\/p>\n<p>06.02.pt.\t\t\t         11.00 \u2013 13.15     grupa instrument\u00f3w klawiszowych\u201dII\u201d\t\t\t                    13.15-15.30       grupa wokalna<\/p>\n<p>09.02.pn.\t\t\t          11.00 \u2013 13.15     grupa instrument\u00f3w klawiszowych\u201dII\u201d<br \/>\n                                                     13.15 \u2013 15.30     zesp\u00f3\u0142 wokalno &#8211;   instrumentalny  <\/p>\n<p>10.02.wt.                                      11.00 \u2013 13.15     grupa instrument\u00f3w klawiszowych\u201dII\u201d\t\t\t                    13.15- 15.30       grupa wokalna<\/p>\n<p>11.02.\u015br.                                       11.00 \u2013 13.15     grupa instrument\u00f3w klawiszowych\u201d 0\u201d\t\t\t                    13.15- 15.30       grupa instrument\u00f3w klawiszowych\u201d II\u201d<\/p>\n<p>TANIEC<\/p>\n<p> RENATA GAWLAK-SPYRA:<\/p>\n<p>04.02.\u015br.\t\t\t\t11.00-12.30           grupa \u201eAtom\u00f3wki\u201d zaj\u0119cia taneczne<br \/>\n                                                       12.30-14.00          grupa \u201ePl\u0105s\u201d zaj\u0119cia taneczne<\/p>\n<p>05.02.czw.\t\t                      10.00-17.30           wyjazd do kina Helios z gr .Impuls<\/p>\n<p>06.02.pt.                                        16.00 \u201319.00       wyj\u015bcie na kr\u0119gle z gr. Best<\/p>\n<p>10.02.wt.                                       16.00 \u201319.00       wyj\u015bcie na kr\u0119gle z gr. Best<\/p>\n<p>11.02.\u015br.\t\t\t           10.00-17.30          wyjazd do kina Helios z gr .Best<\/p>\n<p>12.02.czw.                                      16.00 \u201319.00       wyj\u015bcie na bilard z gr Impuls<\/p>\n<p> Koszty wyjazdu oraz bilety pokrywaj\u0105 sami wychowankowie.  <\/p>\n<p>MONIKA WACEK:<\/p>\n<p>04.02.\u015br.                                  11.00 \u2013 15.30             taniec nowoczesny z gr.<br \/>\n                                                                                   Vibes Girls<\/p>\n<p>05.02.czw.                             11.00 \u2013 15.30             taniec nowoczesny z gr.<br \/>\n                                                                                   Dream Team<\/p>\n<p>06.02.pt.                                 09.00-13.30              wyjscie na lodowisko z gr<br \/>\n                                                                                 Vibes Girl                                  <\/p>\n<p>12.02.czw.                                 11.00 \u2013 15.30          taniec nowoczesny  zaj\u0119cia otwarte<\/p>\n<p>13.02.pt.                                  09.00 \u2013 13.30           wyj\u015bcie na lodowisko z gr<br \/>\n                                                                                  Fair Play Team <\/p>\n<p>                                                 PLASTYKA<\/p>\n<p>AGATA MUSIA\u0141 \u2013 JANIK:<\/p>\n<p>02.02.pn\t        09.00 \u201312.00      zaj\u0119cia plastyczne gr I i II                  <\/p>\n<p>03.02.wt.               08.30 \u201310.00      przygotowanie podobrazi i mat. plastycznych<br \/>\n                              10.00 \u201312.15      poranek graficzny \u2013 Monotypia\/ kolor <\/p>\n<p>04.02.\u015br.                11.00 &#8211; 14.45     drukowanie grafik<\/p>\n<p>11.02.\u015br.                09.00 \u201312.00      zaj\u0119cia plastyczne gr I i II                  <\/p>\n<p>12.02.czw.             09.00 \u201312.00     drukowanie grafik<\/p>\n<p>13.02.pt.                08.30 \u201310.00      przygotowanie podobrazi i mat. plastycznych<br \/>\n                              10.00- 12.15      wyj\u015bcie do Muzeum Dwory Karwacjan\u00f3w<br \/>\n                                                         I G\u0142adysz\u00f3w<\/p>\n<p>BART\u0141OMIEJ BELNIAK:<\/p>\n<p>I tydzi\u0119\u0144 ferii urlop wypoczynkowy<\/p>\n<p>10.02.wt.        09.00 \u2013 10.30     archiwizacja i przygotowanie reprodukcji grafiki komp.<br \/>\n                       10.30 \u2013 12.00     przygotowanie ekspozycji plastycznych<br \/>\n                       12.00 \u2013 15.00     odlewy ceramiczne i wypa\u0142 prac garncarskich<\/p>\n<p>11.02.\u015br.         09.00 \u2013 12.00 .  ceramika \/ zaj\u0119cia otwarte dla uczestnik\u00f3w wszystkich grup<br \/>\n                      12.00 \u2013 13.30     kompletowanie i korekta wypalonych prac ceramicznych<\/p>\n<p>12.02.czw..     11.00 \u2013 14.00     odlewy ceramiczne, korekta i modelowanie <\/p>\n<p>.                                                    <\/p>\n<p>WOJCIECH HABEREK:<\/p>\n<p>02.02 pn.                 09.30 \u2013 11.45    Edycja fotografii<br \/>\n                                11.45 &#8211; 14.00     Drukowanie grafik \u2013 linoryt <\/p>\n<p>03.02 wt.                 09.30 \u201312.30    \u201eGraficzy wtorek -monotypia\u201d \u2013 warsztaty<br \/>\n                                12.30 &#8211; 14.00     Przygotowanie podk\u0142ad\u00f3w malarskich<\/p>\n<p>04.02 \u015br.                   11.00 -13.45    Zaj\u0119cia plastyczne <\/p>\n<p>05.02 czw.               11.00 \u2013 12.30   Zaj\u0119cia plastyczne<\/p>\n<p>10.02 wt.                 09.00 -11.15     Fotografia dokumentalna<br \/>\n                                 11.15 -13.30     Drukowanie grafik &#8211; linoryt<\/p>\n<p>11.02 \u015br.                  09.30 \u201311.45    Zaj\u0119cia plastyczne<br \/>\n                                11.45 &#8211; 14.00    Przygotowanie podk\u0142ad\u00f3w malarskich                               <\/p>\n<p>12.02 czw.               10.00 -12.15     Drukowanie grafik &#8211; sucha ig\u0142a<\/p>\n<p>13.02 pt.                  10.00 \u201312.15   Akcja plastyczna w Muzeum Dwory<br \/>\n                                                             Karwacjan\u00f3w i G\u0142adysz\u00f3w ul. Piekarska<\/p>\n<p>DOMINIKA JOD\u0141OWSKA-KUBALA: MDK \u2013 ko\u0142o teatralne<\/p>\n<p>02.02.pn.\t\t\t\t10.00 \u2013 13.00\tprzygotowanie do OKR (monodram)<br \/>\n                                                                                      gr. starsza<\/p>\n<p>04.02.\u015br.                                        11.00 \u2013 14.00 \tprzygotowanie do OKR (monodram)<br \/>\n                                                                                      gr. starsza<\/p>\n<p>13.02.pt.                                          10.00 \u2013 13.00 \tprzygotowanie do OKR (monodram)<br \/>\n                                                                                      gr. starsza<\/p>\n<p>14.02.sb.\t\t                        17.00 -20.00        wyjazd kina Helios<\/p>\n","protected":false},"excerpt":{"rendered":"<p>Serdecznie zapraszamy na zaj\u0119cia feryjne do MDK !!! Poni\u017cej zamieszczamy rozk\u0142ad dy\u017cur\u00f3w nauczycieli. ROZK\u0141AD ZAJ\u0118\u0106 FERYJNYCH 2025\/2026 w M\u0141ODZIE\u017bOWYM DOMU KULTURY w GORLICACH MUZYKA TOMASZ KUBALA: 02.02.pn. 17.00 \u2013 18.30 zesp\u00f3\u0142 gitarowy 03.02.wt.. 16.00 \u2013 19.00 studio wokalne (wyj\u015bcie na kr\u0119gle) II tydzie\u0144 urlop wypoczynkowy MIROS\u0141AW BOGO\u0143 03.02.wt.. 16.00 \u2013 19.00 studio wokalne (wyj\u015bcie na [&hellip;]<\/p>\n","protected":false},"author":2,"featured_media":0,"comment_status":"closed","ping_status":"open","sticky":false,"template":"","format":"standard","meta":{"ngg_post_thumbnail":0},"categories":[1],"tags":[],"_links":{"self":[{"href":"https:\/\/mdk.gorlice.net.pl\/index.php?rest_route=\/wp\/v2\/posts\/3581"}],"collection":[{"href":"https:\/\/mdk.gorlice.net.pl\/index.php?rest_route=\/wp\/v2\/posts"}],"about":[{"href":"https:\/\/mdk.gorlice.net.pl\/index.php?rest_route=\/wp\/v2\/types\/post"}],"author":[{"embeddable":true,"href":"https:\/\/mdk.gorlice.net.pl\/index.php?rest_route=\/wp\/v2\/users\/2"}],"replies":[{"embeddable":true,"href":"https:\/\/mdk.gorlice.net.pl\/index.php?rest_route=%2Fwp%2Fv2%2Fcomments&post=3581"}],"version-history":[{"count":3,"href":"https:\/\/mdk.gorlice.net.pl\/index.php?rest_route=\/wp\/v2\/posts\/3581\/revisions"}],"predecessor-version":[{"id":3585,"href":"https:\/\/mdk.gorlice.net.pl\/index.php?rest_route=\/wp\/v2\/posts\/3581\/revisions\/3585"}],"wp:attachment":[{"href":"https:\/\/mdk.gorlice.net.pl\/index.php?rest_route=%2Fwp%2Fv2%2Fmedia&parent=3581"}],"wp:term":[{"taxonomy":"category","embeddable":true,"href":"https:\/\/mdk.gorlice.net.pl\/index.php?rest_route=%2Fwp%2Fv2%2Fcategories&post=3581"},{"taxonomy":"post_tag","embeddable":true,"href":"https:\/\/mdk.gorlice.net.pl\/index.php?rest_route=%2Fwp%2Fv2%2Ftags&post=3581"}],"curies":[{"name":"wp","href":"https:\/\/api.w.org\/{rel}","templated":true}]}}