{"id":3601,"date":"2026-03-12T13:41:41","date_gmt":"2026-03-12T13:41:41","guid":{"rendered":"https:\/\/mdk.gorlice.net.pl\/?p=3601"},"modified":"2026-03-12T13:42:35","modified_gmt":"2026-03-12T13:42:35","slug":"zapraszamy-do-wziecia-udzialu-w-konkursach-organizowanych-przez-mdk-xvi-powiatowy-konkurs-fotograficzny-osobliwosci-ziemi-gorlickiej-oraz-konkurs-plastyczny-dla-dzieci-i-mlodziezy-p","status":"publish","type":"post","link":"https:\/\/mdk.gorlice.net.pl\/?p=3601","title":{"rendered":"Zapraszamy do wzi\u0119cia udzia\u0142u w konkursach organizowanych przez MDK. XVI POWIATOWY KONKURS FOTOGRAFICZNY \u201eOSOBLIWO\u015aCI ZIEMI GORLICKIEJ\u201d oraz Konkurs Plastyczny dla Dzieci i M\u0142odzie\u017cy p.t. \u201eLEGENDA\u201d"},"content":{"rendered":"<p>XVI POWIATOWY KONKURS FOTOGRAFICZNY<br \/>\n\u201eOSOBLIWO\u015aCI ZIEMI GORLICKIEJ\u201d<br \/>\nPOD HONOROWYM PATRONATEM STAROSTY POWIATU GORLICKIEGO<\/p>\n<p>Organizatorem konkursu jest M\u0142odzie\u017cowy Dom Kultury w Gorlicach z siedzib\u0105 przy<br \/>\nul. Cichej 4, tel. 18-353-58-91, www.mdk.gorlice.net.pl<\/p>\n<p>Cele konkursu:<br \/>\nZainteresowanie uczestnik\u00f3w fotografi\u0105 oraz szeroko rozumian\u0105 sztuk\u0105 wizualn\u0105, a tak\u017ce pog\u0142\u0119bienie wra\u017cliwo\u015bci na pi\u0119kno otaczaj\u0105cego \u015bwiata, ze szczeg\u00f3lnym uwzgl\u0119dnieniem osobliwo\u015bci wyst\u0119puj\u0105cych w obr\u0119bie ziemi gorlickiej.<\/p>\n<p>Konkurs obejmuje dwie formu\u0142y tematyczne &#8220;I&#8221; i &#8220;II&#8221;:<\/p>\n<p>(I) &#8211; &#8220;Osobliwo\u015bci ziemi gorlickiej&#8221; (maks. 5 prac) &#8211; przedstawi\u0107 nale\u017cy charakterystyczne dla naszej ma\u0142ej ojczyzny krajobrazy, architektur\u0119 (obiekty sakralne, kapliczki, pa\u0142ace, cmentarze), przyrod\u0119, folklor, unikatowe rzemios\u0142o itd.<\/p>\n<p>(II) &#8211; &#8220;Moja najlepsza fotografia&#8221; (1 praca) \u2013 to otwarta tematycznie formu\u0142a, w kt\u00f3rej znaczenie maj\u0105 znamienne dla sztuk wizualnych warto\u015bci takie jak m.in: kompozycja, umiej\u0119tno\u015b\u0107 wykorzystania \u015bwiat\u0142a, kontrastu, barwy, a tak\u017ce oryginalno\u015b\u0107 uj\u0119cia, warto\u015bci dokumentalne.<\/p>\n<p>Konkurs adresowany jest do dzieci i m\u0142odzie\u017cy szkolnej z terenu Powiatu Gorlickiego i przeprowadzony b\u0119dzie w ramach trzech kategorii wiekowych:<br \/>\nI &#8211; klasy 1-3 szko\u0142y podstawowej<br \/>\nII &#8211; klasy 4-8 szko\u0142y podstawowej<br \/>\nIII &#8211; szko\u0142y ponadpodstawowe<\/p>\n<p>Termin:<br \/>\nZg\u0142aszanie prac do: 24.04.2026 r.<br \/>\nWyniki konkursu opublikowane b\u0119d\u0105 po posiedzeniu jury, na stronach internetowych MDK w Gorlicach, a laureaci powiadomieni zostan\u0105 telefonicznie.<\/p>\n<p>Zg\u0142oszenia:<br \/>\nW konkursie b\u0119d\u0105 bra\u0142y udzia\u0142 WY\u0141\u0104CZNIE prace zg\u0142oszone w postaci ODBITEK lub WYDRUK\u00d3W. Obowi\u0105zuj\u0105cy FORMAT: 21&#215;30 cm.<\/p>\n<p>Opis prac:<br \/>\nNa fotografiach umie\u015bci\u0107 nale\u017cy wype\u0142nion\u0105 i podpisan\u0105 DEKLARACJ\u0118 UCZESTNICTWA.<br \/>\nProsimy o czytelne wype\u0142nienie dokumentacji pismem drukowanym.<br \/>\nUwagi:<br \/>\nWszystkie nagrodzone i wyr\u00f3\u017cnione fotografie przechodz\u0105 na w\u0142asno\u015b\u0107 organizatora.<br \/>\nPozosta\u0142e zdj\u0119cia mo\u017cna odbiera\u0107 w siedzibie MDK w Gorlicach do 19 czerwca 2026 r.<br \/>\nWszelkie dodatkowe informacje o konkursie, uzyska\u0107 mo\u017cna w siedzibie MDK w Gorlicach przy ul.Cichej 4, lub pod numerem telefonu: 18-353-58-91. <\/p>\n<p>Jury:<br \/>\nOceny prac dokona Jury powo\u0142ane przez Organizatora, kt\u00f3re ma prawo decydowa\u0107 o przeniesieniu fotografii do innej formu\u0142y tematycznej. Ostateczna interpretacja regulaminu i decyzja o podziale nagr\u00f3d nale\u017cy do Jury.<\/p>\n<p>Nagrody:<br \/>\nAutorzy nagrodzonych i wyr\u00f3\u017cnionych prac otrzymaj\u0105 dyplomy oraz nagrody rzeczowe ufundowane przez Organizatora.<\/p>\n<p>Podsumowanie konkursu:<br \/>\nW ramach podsumowania konkursu, odb\u0119dzie si\u0119 uroczyste otwarcie wystawy, po\u0142\u0105czone z wr\u0119czeniem nagr\u00f3d laureatom. Ponadto przewidujemy okoliczno\u015bciowy wyk\u0142ad na temat fotografii.<\/p>\n<p>Ka\u017cde zg\u0142oszenie jest r\u00f3wnoznaczne z posiadaniem przez zg\u0142aszaj\u0105cego praw autorskich do zg\u0142aszanych prac. Organizatorzy nie ponosz\u0105 odpowiedzialno\u015bci za wszelkie nadu\u017cycia praw autorskich przez osoby zg\u0142aszaj\u0105ce. Zg\u0142aszaj\u0105cy zezwala r\u00f3wnie\u017c organizatorom na wykorzystywanie jego prac lub ich cz\u0119\u015bci do nieodp\u0142atnej publikacji w mediach zwi\u0105zanych z niniejszym konkursem.<\/p>\n<p>Udzia\u0142 w konkursie jest r\u00f3wnoznaczny ze zgod\u0105 na przetwarzanie danych osobowych dla potrzeb konkursu (publikacja wynik\u00f3w) organizowanego przez MDK w Gorlicach zgodnie z Ustaw\u0105 z dn. 10.05.2018 r. o Ochronie Danych Osobowych (Dz.U.2019.1781 t.j. z dnia 2019.09.19), a tak\u017ce zgod\u0105 na nieodp\u0142atne utrwalenie i rozpowszechnienie wizerunku w formie fotografii w celach promocyjnych przez MDK w Gorlicach.<br \/>\nCZEKAMY NA WASZE FOTOGRAFIE I \u017bYCZYMY POWODZENIA W KONKURSIE!<\/p>\n<p>Konkurs Plastyczny dla Dzieci i M\u0142odzie\u017cy p.t. \u201eLEGENDA\u201d<\/p>\n<p>Organizatorem Konkursu Plastycznego dla Dzieci i M\u0142odzie\u017cy p.t. \u201eLEGENDA\u201d jest<br \/>\nM\u0142odzie\u017cowy Dom Kultury w Gorlicach przy wsparciu Starostwa Powiatowego w Gorlicach.<br \/>\nTEMATYKA KONKURSU:<br \/>\nSmoki, zamki i pa\u0142ace, jaskinie i tunele, skarby, studnie, magia, ksi\u0119\u017cniczki i rycerze&#8230;<br \/>\nTemat mo\u017cna traktowa\u0107 zar\u00f3wno jako ilustracj\u0119 znanych i rozpoznawalnych legend,<br \/>\nale mo\u017ce to r\u00f3wnie\u017c by\u0107 w\u0142asna wizja popularnej legendy. Uruchom WYOBRA\u0179NI\u0118!<br \/>\nA mo\u017ce oryginalny pomys\u0142 na w\u0142asn\u0105 opowie\u015b\u0107?<br \/>\nCELE:<br \/>\n\u2022 rozw\u00f3j wra\u017cliwo\u015bci artystycznej i aktywno\u015bci tw\u00f3rczej dzieci i m\u0142odzie\u017cy<br \/>\nz terenu powiatu gorlickiego,<br \/>\n\u2022 popularyzacja wiedzy o znanych zwyczajach, obrz\u0119dowo\u015bci i tradycji przekazywanych<br \/>\nw formie poda\u0144 i legend w po\u0142\u0105czeniu z w\u0142asnymi wersjami zilustrowania tych historii,<br \/>\n\u2022 kreowanie i kszta\u0142towanie wyobra\u017ani tw\u00f3rczej i oryginalno\u015bci przekazu w\u0142asnych<br \/>\nwersji legend.<br \/>\nWARUNKI UCZESTNICTWA:<br \/>\n1. Konkurs skierowany jest do dzieci i m\u0142odzie\u017cy szk\u00f3\u0142 podstawowych<br \/>\ni ponadpodstawowych z terenu powiatu gorlickiego w wieku 6-19 lat.<br \/>\nPrzyjmujemy ZG\u0141OSZENIA Z PLAC\u00d3WEK, SZK\u00d3\u0141 oraz INDYWIDUALNE.<br \/>\n2. Prace b\u0119d\u0105 oceniane w 5 grupach wiekowych: 6-8 lat, 9-11 lat, 12-14 lat, 15-17 lat, 18-19 lat.<br \/>\n3. Format prac dowolny, w granicach naszej sali wystawowej ;).<br \/>\n4. Udzia\u0142 w konkursie mog\u0105 wzi\u0105\u0107 orygina\u0142y prac plastycznych, wykonane w r\u00f3\u017cnych<br \/>\ntechnikach plastycznych w technikach p\u0142askich. Grafiki komputerowe w formie<br \/>\ndobrej jako\u015bci reprodukcji sygnowanej r\u0119cznie przez Autora.<br \/>\nDopuszczona te\u017c jest forma komiksowa, w formie pojedynczych plansz.<br \/>\n5. Nie przyjmujemy prac wykonanych z materia\u0142\u00f3w nietrwa\u0142ych.<br \/>\n6. Prace z opisem na odwrocie ( za\u0142\u0105cznik ) nale\u017cy dostarczy\u0107 w opakowaniu chroni\u0105cym<br \/>\nprzed uszkodzeniem w ostatecznym terminie do 13 kwietnia 2026 r.<br \/>\nNAGRODY w formie rzeczowej \u2013 materia\u0142y plastyczne, dyplomy i niespodzianki.<br \/>\nna adres: M\u0142odzie\u017cowy Dom Kultury w Gorlicach<br \/>\nul. Cicha 4, 38-300 Gorlice<br \/>\ntel. \/ fax 18 353 58 91 \/ e-mail: mdk@gorlice.net.pl<\/p>\n","protected":false},"excerpt":{"rendered":"<p>XVI POWIATOWY KONKURS FOTOGRAFICZNY \u201eOSOBLIWO\u015aCI ZIEMI GORLICKIEJ\u201d POD HONOROWYM PATRONATEM STAROSTY POWIATU GORLICKIEGO Organizatorem konkursu jest M\u0142odzie\u017cowy Dom Kultury w Gorlicach z siedzib\u0105 przy ul. Cichej 4, tel. 18-353-58-91, www.mdk.gorlice.net.pl Cele konkursu: Zainteresowanie uczestnik\u00f3w fotografi\u0105 oraz szeroko rozumian\u0105 sztuk\u0105 wizualn\u0105, a tak\u017ce pog\u0142\u0119bienie wra\u017cliwo\u015bci na pi\u0119kno otaczaj\u0105cego \u015bwiata, ze szczeg\u00f3lnym uwzgl\u0119dnieniem osobliwo\u015bci wyst\u0119puj\u0105cych w obr\u0119bie [&hellip;]<\/p>\n","protected":false},"author":2,"featured_media":0,"comment_status":"closed","ping_status":"open","sticky":false,"template":"","format":"standard","meta":{"ngg_post_thumbnail":0},"categories":[1],"tags":[],"_links":{"self":[{"href":"https:\/\/mdk.gorlice.net.pl\/index.php?rest_route=\/wp\/v2\/posts\/3601"}],"collection":[{"href":"https:\/\/mdk.gorlice.net.pl\/index.php?rest_route=\/wp\/v2\/posts"}],"about":[{"href":"https:\/\/mdk.gorlice.net.pl\/index.php?rest_route=\/wp\/v2\/types\/post"}],"author":[{"embeddable":true,"href":"https:\/\/mdk.gorlice.net.pl\/index.php?rest_route=\/wp\/v2\/users\/2"}],"replies":[{"embeddable":true,"href":"https:\/\/mdk.gorlice.net.pl\/index.php?rest_route=%2Fwp%2Fv2%2Fcomments&post=3601"}],"version-history":[{"count":2,"href":"https:\/\/mdk.gorlice.net.pl\/index.php?rest_route=\/wp\/v2\/posts\/3601\/revisions"}],"predecessor-version":[{"id":3603,"href":"https:\/\/mdk.gorlice.net.pl\/index.php?rest_route=\/wp\/v2\/posts\/3601\/revisions\/3603"}],"wp:attachment":[{"href":"https:\/\/mdk.gorlice.net.pl\/index.php?rest_route=%2Fwp%2Fv2%2Fmedia&parent=3601"}],"wp:term":[{"taxonomy":"category","embeddable":true,"href":"https:\/\/mdk.gorlice.net.pl\/index.php?rest_route=%2Fwp%2Fv2%2Fcategories&post=3601"},{"taxonomy":"post_tag","embeddable":true,"href":"https:\/\/mdk.gorlice.net.pl\/index.php?rest_route=%2Fwp%2Fv2%2Ftags&post=3601"}],"curies":[{"name":"wp","href":"https:\/\/api.w.org\/{rel}","templated":true}]}}